{"id":23447,"date":"2019-10-23T12:19:16","date_gmt":"2019-10-23T12:19:16","guid":{"rendered":"https:\/\/armstrongyregion.com.ar\/diario\/?p=23447"},"modified":"2019-10-23T12:19:16","modified_gmt":"2019-10-23T12:19:16","slug":"cornaglia-y-cleri-firmaron-acuerdo-por-el-departamento-belgrano","status":"publish","type":"post","link":"https:\/\/armstrongyregion.com.ar\/diario\/cornaglia-y-cleri-firmaron-acuerdo-por-el-departamento-belgrano\/","title":{"rendered":"Cornaglia y Cleri firmaron acuerdo por el Departamento Belgrano."},"content":{"rendered":"<p><a href=\"http:\/\/armstrongyregion.com.ar\/diario\/wp-content\/uploads\/2019\/10\/GC-.jpg\"><img loading=\"lazy\" decoding=\"async\" src=\"http:\/\/armstrongyregion.com.ar\/diario\/wp-content\/uploads\/2019\/10\/GC-.jpg\" alt=\"GC -\" width=\"768\" height=\"462\" class=\"alignnone size-full wp-image-23448\" srcset=\"https:\/\/armstrongyregion.com.ar\/diario\/wp-content\/uploads\/2019\/10\/GC-.jpg 768w, https:\/\/armstrongyregion.com.ar\/diario\/wp-content\/uploads\/2019\/10\/GC--300x180.jpg 300w\" sizes=\"auto, (max-width: 768px) 100vw, 768px\" \/><\/a>El senador provincial Guillermo Cornaglia firm\u00f3 en Las Parejas un acta acuerdo de pol\u00edticas p\u00fablicas para el departamento Belgrano junto al candidato a diputado nacional Marcos Cleri. \u201cNo tengo memoria de un hecho similar\u201d, resalt\u00f3 Cornaglia en relaci\u00f3n a la cantidad de integrantes de la lista del Frente de Todos que se hizo presente en el acto.<\/p>\n<p>Entre los puntos del acta compromiso firmada por los candidatos, el senador y los representantes de cada una de las localidades del departamento Belgrano, se destacan el desarrollo de pol\u00edticas de coordinaci\u00f3n y ampliaci\u00f3n de los programas de inclusi\u00f3n social, la planificaci\u00f3n y concreci\u00f3n de los programas de viviendas, as\u00ed como la promoci\u00f3n de pol\u00edticas de seguridad para toda la comunidad. \u201cVamos a recuperar la esperanza, la libertad y, por sobre todas las cosas aquello que nunca deber\u00edamos haber perdido, que es la dignidad de cada argentino y argentina\u201d, manifest\u00f3 Guillermo Cornaglia ante todos los presentes.<\/p>\n<p><a href=\"http:\/\/armstrongyregion.com.ar\/diario\/wp-content\/uploads\/2019\/10\/GC-2019-10-22-Fb-Las-Parejas-Agenda-com\u00fan-Belgrano-con-Marcos-Cleri-1.jpg\"><img loading=\"lazy\" decoding=\"async\" src=\"http:\/\/armstrongyregion.com.ar\/diario\/wp-content\/uploads\/2019\/10\/GC-2019-10-22-Fb-Las-Parejas-Agenda-com\u00fan-Belgrano-con-Marcos-Cleri-1.jpg\" alt=\"GC - 2019-10-22 - Fb - Las Parejas - Agenda com\u00fan Belgrano con Marcos Cleri 1\" width=\"768\" height=\"403\" class=\"alignnone size-full wp-image-23449\" srcset=\"https:\/\/armstrongyregion.com.ar\/diario\/wp-content\/uploads\/2019\/10\/GC-2019-10-22-Fb-Las-Parejas-Agenda-com\u00fan-Belgrano-con-Marcos-Cleri-1.jpg 768w, https:\/\/armstrongyregion.com.ar\/diario\/wp-content\/uploads\/2019\/10\/GC-2019-10-22-Fb-Las-Parejas-Agenda-com\u00fan-Belgrano-con-Marcos-Cleri-1-300x157.jpg 300w\" sizes=\"auto, (max-width: 768px) 100vw, 768px\" \/><\/a><\/p>\n<p>La conferencia de prensa se realiz\u00f3 en el predio del Sindicato de Trabajadores Municipales y cont\u00f3 con la presencia tambi\u00e9n del intendente de Las Parejas, Horacio Compagnucci; la senadora provincial, Cristina Berra; presidentes comunales, intendentes y concejales del Frente de Todos de los departamentos Belgrano y San Mart\u00edn; militantes y p\u00fablico en general.<\/p>\n","protected":false},"excerpt":{"rendered":"<p>El senador provincial Guillermo Cornaglia firm\u00f3 en Las Parejas un acta acuerdo de pol\u00edticas p\u00fablicas para el departamento Belgrano junto al candidato a diputado nacional Marcos Cleri. \u201cNo tengo memoria de un hecho similar\u201d, resalt\u00f3 Cornaglia en relaci\u00f3n a la cantidad de integrantes de la lista del Frente de Todos que se hizo presente en <a href=\"https:\/\/armstrongyregion.com.ar\/diario\/cornaglia-y-cleri-firmaron-acuerdo-por-el-departamento-belgrano\/\" title=\"Read more\" >&#8230;<\/a><\/p>\n","protected":false},"author":1,"featured_media":23448,"comment_status":"open","ping_status":"open","sticky":false,"template":"","format":"standard","meta":{"_jetpack_memberships_contains_paid_content":false,"footnotes":"","jetpack_publicize_message":"","jetpack_publicize_feature_enabled":true,"jetpack_social_post_already_shared":false,"jetpack_social_options":{"image_generator_settings":{"template":"highway","default_image_id":0,"enabled":false},"version":2}},"categories":[8,1,7,3],"tags":[8455],"class_list":["post-23447","post","type-post","status-publish","format-standard","has-post-thumbnail","hentry","category-deliberando","category-diario-armstrong","category-politica","category-region","tag-cornaglia-y-cleri-firmaron-acuerdo-por-el-departamento-belgrano"],"jetpack_publicize_connections":[],"jetpack_featured_media_url":"https:\/\/armstrongyregion.com.ar\/diario\/wp-content\/uploads\/2019\/10\/GC-.jpg","jetpack_shortlink":"https:\/\/wp.me\/p62QDO-66b","jetpack_sharing_enabled":true,"amp_enabled":true,"_links":{"self":[{"href":"https:\/\/armstrongyregion.com.ar\/diario\/wp-json\/wp\/v2\/posts\/23447","targetHints":{"allow":["GET"]}}],"collection":[{"href":"https:\/\/armstrongyregion.com.ar\/diario\/wp-json\/wp\/v2\/posts"}],"about":[{"href":"https:\/\/armstrongyregion.com.ar\/diario\/wp-json\/wp\/v2\/types\/post"}],"author":[{"embeddable":true,"href":"https:\/\/armstrongyregion.com.ar\/diario\/wp-json\/wp\/v2\/users\/1"}],"replies":[{"embeddable":true,"href":"https:\/\/armstrongyregion.com.ar\/diario\/wp-json\/wp\/v2\/comments?post=23447"}],"version-history":[{"count":0,"href":"https:\/\/armstrongyregion.com.ar\/diario\/wp-json\/wp\/v2\/posts\/23447\/revisions"}],"wp:featuredmedia":[{"embeddable":true,"href":"https:\/\/armstrongyregion.com.ar\/diario\/wp-json\/wp\/v2\/media\/23448"}],"wp:attachment":[{"href":"https:\/\/armstrongyregion.com.ar\/diario\/wp-json\/wp\/v2\/media?parent=23447"}],"wp:term":[{"taxonomy":"category","embeddable":true,"href":"https:\/\/armstrongyregion.com.ar\/diario\/wp-json\/wp\/v2\/categories?post=23447"},{"taxonomy":"post_tag","embeddable":true,"href":"https:\/\/armstrongyregion.com.ar\/diario\/wp-json\/wp\/v2\/tags?post=23447"}],"curies":[{"name":"wp","href":"https:\/\/api.w.org\/{rel}","templated":true}]}}