{"id":23444,"date":"2019-10-23T11:53:56","date_gmt":"2019-10-23T11:53:56","guid":{"rendered":"https:\/\/armstrongyregion.com.ar\/diario\/?p=23444"},"modified":"2019-10-23T11:53:56","modified_gmt":"2019-10-23T11:53:56","slug":"senor-consul-de-chile-en-rosario","status":"publish","type":"post","link":"https:\/\/armstrongyregion.com.ar\/diario\/senor-consul-de-chile-en-rosario\/","title":{"rendered":"Se\u00f1or C\u00f3nsul de Chile en Rosario:"},"content":{"rendered":"<p><a href=\"http:\/\/armstrongyregion.com.ar\/diario\/wp-content\/uploads\/2019\/10\/chile.jpg\"><img loading=\"lazy\" decoding=\"async\" src=\"http:\/\/armstrongyregion.com.ar\/diario\/wp-content\/uploads\/2019\/10\/chile.jpg\" alt=\"chile\" width=\"768\" height=\"496\" class=\"alignnone size-full wp-image-23445\" srcset=\"https:\/\/armstrongyregion.com.ar\/diario\/wp-content\/uploads\/2019\/10\/chile.jpg 768w, https:\/\/armstrongyregion.com.ar\/diario\/wp-content\/uploads\/2019\/10\/chile-300x194.jpg 300w\" sizes=\"auto, (max-width: 768px) 100vw, 768px\" \/><\/a>Las organizaciones de derechos humanos, sociales, gremiales y estudiantiles nucleadas en el Espacio Juicio y Castigo Rosario, solidarias por razones propias y haci\u00e9ndonos eco de las denuncias de organismos hermanos de la rep\u00fablica de Chile, manifestamos nuestro repudio a la violenta represi\u00f3n desatada por el presidente Sebasti\u00e1n Pi\u00f1era. Y expresamos nuestra profunda preocupaci\u00f3n ante la respuesta que ha dado su gobierno a las demandas populares.<br \/>\nNinguna medida represiva beneficia a la paz y convivencia social. Rechazamos los argumentos banales que ponderan \u00abla protecci\u00f3n de los bienes materiales\u00bb por sobre la protecci\u00f3n de la vida e integridad de las personas.<br \/>\nLa sociedad chilena, sus estudiantes y trabajadores, han dado muestras sobradas de paciencia y respeto a la Constituci\u00f3n e institucionalidad. Pero ante las medidas econ\u00f3micas antipopulares del gobierno de Pi\u00f1era, no ha podido ejercer libremente su derecho a la protesta, siendo objeto de una feroz represi\u00f3n con decenas de muertos y heridos.<br \/>\nNos solidarizamos con el pueblo de Chile y apoyamos sus demandas, que expresan el descontento con pol\u00edticas gubernamentales que, como ocurre en cada uno de los pa\u00edses que sigue las recetas del Fondo Monetario Internacional (FMI), s\u00f3lo vulneran derechos y empobrecen a las mayor\u00edas populares.<br \/>\nDemasiado padeci\u00f3 la naci\u00f3n chilena bajo la dictadura genocida pinochetista como para soportar, en un gobierno constitucional, pol\u00edticas y medidas represivas cortadas por la misma tijera y paridas por los mismos intereses econ\u00f3micos.<br \/>\nBasta de represi\u00f3n al pueblo chileno.<br \/>\nNo al estado de emergencia y al toque de queda.<br \/>\nSoluci\u00f3n a las demandas del pueblo chileno.<br \/>\nNo Olvidamos, No perdonamos, No Nos reconciliamos.<br \/>\nEspacio Juicio y Castigo ,Familiares De Desaparecidos, Ronda de las Madres ,Asociaci\u00f3n ddhh Ca\u00f1ada de Gomez .<br \/>\nSiguen las firmas <\/p>\n","protected":false},"excerpt":{"rendered":"<p>Las organizaciones de derechos humanos, sociales, gremiales y estudiantiles nucleadas en el Espacio Juicio y Castigo Rosario, solidarias por razones propias y haci\u00e9ndonos eco de las denuncias de organismos hermanos de la rep\u00fablica de Chile, manifestamos nuestro repudio a la violenta represi\u00f3n desatada por el presidente Sebasti\u00e1n Pi\u00f1era. Y expresamos nuestra profunda preocupaci\u00f3n ante la <a href=\"https:\/\/armstrongyregion.com.ar\/diario\/senor-consul-de-chile-en-rosario\/\" title=\"Read more\" >&#8230;<\/a><\/p>\n","protected":false},"author":1,"featured_media":23445,"comment_status":"open","ping_status":"open","sticky":false,"template":"","format":"standard","meta":{"_jetpack_memberships_contains_paid_content":false,"footnotes":"","jetpack_publicize_message":"","jetpack_publicize_feature_enabled":true,"jetpack_social_post_already_shared":false,"jetpack_social_options":{"image_generator_settings":{"template":"highway","default_image_id":0,"enabled":false},"version":2}},"categories":[6,8,1,2,7],"tags":[8454],"class_list":["post-23444","post","type-post","status-publish","format-standard","has-post-thumbnail","hentry","category-cultura-entretenimiento","category-deliberando","category-diario-armstrong","category-locales","category-politica","tag-senor-consul-de-chile-en-rosario"],"jetpack_publicize_connections":[],"jetpack_featured_media_url":"https:\/\/armstrongyregion.com.ar\/diario\/wp-content\/uploads\/2019\/10\/chile.jpg","jetpack_shortlink":"https:\/\/wp.me\/p62QDO-668","jetpack_sharing_enabled":true,"amp_enabled":true,"_links":{"self":[{"href":"https:\/\/armstrongyregion.com.ar\/diario\/wp-json\/wp\/v2\/posts\/23444","targetHints":{"allow":["GET"]}}],"collection":[{"href":"https:\/\/armstrongyregion.com.ar\/diario\/wp-json\/wp\/v2\/posts"}],"about":[{"href":"https:\/\/armstrongyregion.com.ar\/diario\/wp-json\/wp\/v2\/types\/post"}],"author":[{"embeddable":true,"href":"https:\/\/armstrongyregion.com.ar\/diario\/wp-json\/wp\/v2\/users\/1"}],"replies":[{"embeddable":true,"href":"https:\/\/armstrongyregion.com.ar\/diario\/wp-json\/wp\/v2\/comments?post=23444"}],"version-history":[{"count":0,"href":"https:\/\/armstrongyregion.com.ar\/diario\/wp-json\/wp\/v2\/posts\/23444\/revisions"}],"wp:featuredmedia":[{"embeddable":true,"href":"https:\/\/armstrongyregion.com.ar\/diario\/wp-json\/wp\/v2\/media\/23445"}],"wp:attachment":[{"href":"https:\/\/armstrongyregion.com.ar\/diario\/wp-json\/wp\/v2\/media?parent=23444"}],"wp:term":[{"taxonomy":"category","embeddable":true,"href":"https:\/\/armstrongyregion.com.ar\/diario\/wp-json\/wp\/v2\/categories?post=23444"},{"taxonomy":"post_tag","embeddable":true,"href":"https:\/\/armstrongyregion.com.ar\/diario\/wp-json\/wp\/v2\/tags?post=23444"}],"curies":[{"name":"wp","href":"https:\/\/api.w.org\/{rel}","templated":true}]}}