{"id":23439,"date":"2019-10-21T14:03:09","date_gmt":"2019-10-21T14:03:09","guid":{"rendered":"https:\/\/armstrongyregion.com.ar\/diario\/?p=23439"},"modified":"2019-10-21T14:03:09","modified_gmt":"2019-10-21T14:03:09","slug":"las-rosas-el-clima-no-afecto-el-calor-de-la-fiesta-del-mate","status":"publish","type":"post","link":"https:\/\/armstrongyregion.com.ar\/diario\/las-rosas-el-clima-no-afecto-el-calor-de-la-fiesta-del-mate\/","title":{"rendered":"Las Rosas. El clima no afect\u00f3 el calor de la Fiesta del Mate."},"content":{"rendered":"<p><a href=\"http:\/\/armstrongyregion.com.ar\/diario\/wp-content\/uploads\/2019\/10\/fiesta-mate-19-.jpg\"><img loading=\"lazy\" decoding=\"async\" src=\"http:\/\/armstrongyregion.com.ar\/diario\/wp-content\/uploads\/2019\/10\/fiesta-mate-19-.jpg\" alt=\"fiesta-mate-19-\" width=\"768\" height=\"513\" class=\"alignnone size-full wp-image-23440\" srcset=\"https:\/\/armstrongyregion.com.ar\/diario\/wp-content\/uploads\/2019\/10\/fiesta-mate-19-.jpg 768w, https:\/\/armstrongyregion.com.ar\/diario\/wp-content\/uploads\/2019\/10\/fiesta-mate-19--300x200.jpg 300w\" sizes=\"auto, (max-width: 768px) 100vw, 768px\" \/><\/a>La lluvia de la ma\u00f1ana del domingo no impidi\u00f3 el desarrollo de la segunda jornada, con cont\u00f3 tambi\u00e9n con mucho p\u00fablico presente.<br \/>\nLos n\u00fameros sobre el escenario dejaron satisfecho a los asistentes, por la calidad de las puestas. La danza con el grupo de tango Mala Junta y la apertura del festival a cargo de los ballet de Pe\u00f1a Folkl\u00f3rica La Carreta -\u00abPatria Joven\u00bb y \u00abForjando Sue\u00f1os\u00bb- ; las excelentes presentaci\u00f3n de Germ\u00e1n Staffolani y el grupo Los Tipitos dieron brillo al evento.<br \/>\nFuente: Las Rosas Digital.<\/p>\n","protected":false},"excerpt":{"rendered":"<p>La lluvia de la ma\u00f1ana del domingo no impidi\u00f3 el desarrollo de la segunda jornada, con cont\u00f3 tambi\u00e9n con mucho p\u00fablico presente. Los n\u00fameros sobre el escenario dejaron satisfecho a los asistentes, por la calidad de las puestas. La danza con el grupo de tango Mala Junta y la apertura del festival a cargo de <a href=\"https:\/\/armstrongyregion.com.ar\/diario\/las-rosas-el-clima-no-afecto-el-calor-de-la-fiesta-del-mate\/\" title=\"Read more\" >&#8230;<\/a><\/p>\n","protected":false},"author":1,"featured_media":23440,"comment_status":"open","ping_status":"open","sticky":false,"template":"","format":"standard","meta":{"_jetpack_memberships_contains_paid_content":false,"footnotes":"","jetpack_publicize_message":"","jetpack_publicize_feature_enabled":true,"jetpack_social_post_already_shared":false,"jetpack_social_options":{"image_generator_settings":{"template":"highway","default_image_id":0,"enabled":false},"version":2}},"categories":[6,8,1,3],"tags":[7461,53,620,891],"class_list":["post-23439","post","type-post","status-publish","format-standard","has-post-thumbnail","hentry","category-cultura-entretenimiento","category-deliberando","category-diario-armstrong","category-region","tag-7461","tag-del","tag-fiesta","tag-mate"],"jetpack_publicize_connections":[],"jetpack_featured_media_url":"https:\/\/armstrongyregion.com.ar\/diario\/wp-content\/uploads\/2019\/10\/fiesta-mate-19-.jpg","jetpack_shortlink":"https:\/\/wp.me\/p62QDO-663","jetpack_sharing_enabled":true,"amp_enabled":true,"_links":{"self":[{"href":"https:\/\/armstrongyregion.com.ar\/diario\/wp-json\/wp\/v2\/posts\/23439","targetHints":{"allow":["GET"]}}],"collection":[{"href":"https:\/\/armstrongyregion.com.ar\/diario\/wp-json\/wp\/v2\/posts"}],"about":[{"href":"https:\/\/armstrongyregion.com.ar\/diario\/wp-json\/wp\/v2\/types\/post"}],"author":[{"embeddable":true,"href":"https:\/\/armstrongyregion.com.ar\/diario\/wp-json\/wp\/v2\/users\/1"}],"replies":[{"embeddable":true,"href":"https:\/\/armstrongyregion.com.ar\/diario\/wp-json\/wp\/v2\/comments?post=23439"}],"version-history":[{"count":0,"href":"https:\/\/armstrongyregion.com.ar\/diario\/wp-json\/wp\/v2\/posts\/23439\/revisions"}],"wp:featuredmedia":[{"embeddable":true,"href":"https:\/\/armstrongyregion.com.ar\/diario\/wp-json\/wp\/v2\/media\/23440"}],"wp:attachment":[{"href":"https:\/\/armstrongyregion.com.ar\/diario\/wp-json\/wp\/v2\/media?parent=23439"}],"wp:term":[{"taxonomy":"category","embeddable":true,"href":"https:\/\/armstrongyregion.com.ar\/diario\/wp-json\/wp\/v2\/categories?post=23439"},{"taxonomy":"post_tag","embeddable":true,"href":"https:\/\/armstrongyregion.com.ar\/diario\/wp-json\/wp\/v2\/tags?post=23439"}],"curies":[{"name":"wp","href":"https:\/\/api.w.org\/{rel}","templated":true}]}}