{"id":23434,"date":"2019-10-20T17:03:28","date_gmt":"2019-10-20T17:03:28","guid":{"rendered":"https:\/\/armstrongyregion.com.ar\/diario\/?p=23434"},"modified":"2019-10-20T17:03:28","modified_gmt":"2019-10-20T17:03:28","slug":"un-joven-de-correa-fue-elegido-como-joven-sobresaliente-de-la-provincia","status":"publish","type":"post","link":"https:\/\/armstrongyregion.com.ar\/diario\/un-joven-de-correa-fue-elegido-como-joven-sobresaliente-de-la-provincia\/","title":{"rendered":"Un joven de Correa fue elegido como Joven Sobresaliente de la provincia."},"content":{"rendered":"<p><a href=\"http:\/\/armstrongyregion.com.ar\/diario\/wp-content\/uploads\/2018\/08\/Lic.-Esteban-Sisiani.jpg\"><img loading=\"lazy\" decoding=\"async\" src=\"http:\/\/armstrongyregion.com.ar\/diario\/wp-content\/uploads\/2018\/08\/Lic.-Esteban-Sisiani.jpg\" alt=\"Lic. Esteban-Sisiani\" width=\"768\" height=\"576\" class=\"alignnone size-full wp-image-18516\" srcset=\"https:\/\/armstrongyregion.com.ar\/diario\/wp-content\/uploads\/2018\/08\/Lic.-Esteban-Sisiani.jpg 768w, https:\/\/armstrongyregion.com.ar\/diario\/wp-content\/uploads\/2018\/08\/Lic.-Esteban-Sisiani-300x225.jpg 300w\" sizes=\"auto, (max-width: 768px) 100vw, 768px\" \/><\/a>Esteban Sisiani, ex presidente de la Biblioteca Popular Correa, resulto seleccionado como uno de los 10 j\u00f3venes sobresalientes del a\u00f1o 2019 por su labor frente a esta instituci\u00f3n.<br \/>\nLos diez j\u00f3venes son ejemplo de ciudadan\u00eda activa, desarrollo y superaci\u00f3n personal, servicio a la comunidad, logros acad\u00e9micos, desarrollo cient\u00edfico y tecnol\u00f3gico, creatividad y progreso cultural y econ\u00f3mico.<br \/>\nUnos han alcanzado el reconocimiento p\u00fablico por sus logros, mientras que otros trabajan desde el anonimato. Algunos lo hacen a trav\u00e9s de Fundaciones y ONGs, otros con el apoyo de Instituciones. Algunos dependen solo de su capacidad intelectual, otros de un gran esfuerzo f\u00edsico. Todos ellos comparten un gran empe\u00f1o, muchas horas de dedicaci\u00f3n y la pasi\u00f3n que impulsa cada una de las actividades que realizan. Es por todo esto que los invitamos a descubrir juntos estas diez historias inspiradoras.<\/p>\n<p>Los 10 j\u00f3venes sobresaliente de este a\u00f1o son:<br \/>\nARDUSSO, Facundo \u2013 Superaci\u00f3n y Logros Personales<br \/>\nDALLA VALLE, Anaclara \u2013 Servicio Humanitario y Voluntario<br \/>\nEST\u00c9VEZ, Enrique Eloy \u2013 Asuntos Pol\u00edticos, Legales o Gubernamentales<br \/>\nGARIBOLDI, Gast\u00f3n \u2013 Logros Comerciales, Econ\u00f3micos o Empresariales<br \/>\nGRAZIANI, Mariel \u2013 Superaci\u00f3n y Logros Personales<br \/>\nLAIOLO, Santiago \u2013 Liderazgo Moral o Ambiental<br \/>\nLISA, Mar\u00eda Natalia \u2013 Desarrollo Cient\u00edfico y Tecnol\u00f3gico<br \/>\nMORENO, Wenceslao \u2013 Superaci\u00f3n y Logros Personales<br \/>\nSISIANI, Carlos Esteban \u2013 Logros Culturales<br \/>\nTORCHE, Gast\u00f3n \u2013 Superaci\u00f3n y Logros Personales<br \/>\nFuente:OtroDia.Com<\/p>\n","protected":false},"excerpt":{"rendered":"<p>Esteban Sisiani, ex presidente de la Biblioteca Popular Correa, resulto seleccionado como uno de los 10 j\u00f3venes sobresalientes del a\u00f1o 2019 por su labor frente a esta instituci\u00f3n. Los diez j\u00f3venes son ejemplo de ciudadan\u00eda activa, desarrollo y superaci\u00f3n personal, servicio a la comunidad, logros acad\u00e9micos, desarrollo cient\u00edfico y tecnol\u00f3gico, creatividad y progreso cultural y <a href=\"https:\/\/armstrongyregion.com.ar\/diario\/un-joven-de-correa-fue-elegido-como-joven-sobresaliente-de-la-provincia\/\" title=\"Read more\" >&#8230;<\/a><\/p>\n","protected":false},"author":1,"featured_media":18516,"comment_status":"open","ping_status":"open","sticky":false,"template":"","format":"standard","meta":{"_jetpack_memberships_contains_paid_content":false,"footnotes":"","jetpack_publicize_message":"","jetpack_publicize_feature_enabled":true,"jetpack_social_post_already_shared":false,"jetpack_social_options":{"image_generator_settings":{"template":"highway","default_image_id":0,"enabled":false},"version":2}},"categories":[6,8,1,2,3],"tags":[8451],"class_list":["post-23434","post","type-post","status-publish","format-standard","has-post-thumbnail","hentry","category-cultura-entretenimiento","category-deliberando","category-diario-armstrong","category-locales","category-region","tag-un-joven-de-correa-fue-elegido-como-joven-sobresaliente-de-la-provincia"],"jetpack_publicize_connections":[],"jetpack_featured_media_url":"https:\/\/armstrongyregion.com.ar\/diario\/wp-content\/uploads\/2018\/08\/Lic.-Esteban-Sisiani.jpg","jetpack_shortlink":"https:\/\/wp.me\/p62QDO-65Y","jetpack_sharing_enabled":true,"amp_enabled":true,"_links":{"self":[{"href":"https:\/\/armstrongyregion.com.ar\/diario\/wp-json\/wp\/v2\/posts\/23434","targetHints":{"allow":["GET"]}}],"collection":[{"href":"https:\/\/armstrongyregion.com.ar\/diario\/wp-json\/wp\/v2\/posts"}],"about":[{"href":"https:\/\/armstrongyregion.com.ar\/diario\/wp-json\/wp\/v2\/types\/post"}],"author":[{"embeddable":true,"href":"https:\/\/armstrongyregion.com.ar\/diario\/wp-json\/wp\/v2\/users\/1"}],"replies":[{"embeddable":true,"href":"https:\/\/armstrongyregion.com.ar\/diario\/wp-json\/wp\/v2\/comments?post=23434"}],"version-history":[{"count":0,"href":"https:\/\/armstrongyregion.com.ar\/diario\/wp-json\/wp\/v2\/posts\/23434\/revisions"}],"wp:featuredmedia":[{"embeddable":true,"href":"https:\/\/armstrongyregion.com.ar\/diario\/wp-json\/wp\/v2\/media\/18516"}],"wp:attachment":[{"href":"https:\/\/armstrongyregion.com.ar\/diario\/wp-json\/wp\/v2\/media?parent=23434"}],"wp:term":[{"taxonomy":"category","embeddable":true,"href":"https:\/\/armstrongyregion.com.ar\/diario\/wp-json\/wp\/v2\/categories?post=23434"},{"taxonomy":"post_tag","embeddable":true,"href":"https:\/\/armstrongyregion.com.ar\/diario\/wp-json\/wp\/v2\/tags?post=23434"}],"curies":[{"name":"wp","href":"https:\/\/api.w.org\/{rel}","templated":true}]}}