{"id":23428,"date":"2019-10-20T15:28:13","date_gmt":"2019-10-20T15:28:13","guid":{"rendered":"https:\/\/armstrongyregion.com.ar\/diario\/?p=23428"},"modified":"2019-10-20T15:28:13","modified_gmt":"2019-10-20T15:28:13","slug":"el-grito-de-si-se-puede-se-hizo-sentir-en-armstrong-y-la-region","status":"publish","type":"post","link":"https:\/\/armstrongyregion.com.ar\/diario\/el-grito-de-si-se-puede-se-hizo-sentir-en-armstrong-y-la-region\/","title":{"rendered":"El grito de \u201cSi se Puede\u201d se hizo sentir en Armstrong y la Regi\u00f3n."},"content":{"rendered":"<p><a href=\"http:\/\/armstrongyregion.com.ar\/diario\/wp-content\/uploads\/2019\/10\/se-puede-1-.jpg\"><img loading=\"lazy\" decoding=\"async\" src=\"http:\/\/armstrongyregion.com.ar\/diario\/wp-content\/uploads\/2019\/10\/se-puede-1-.jpg\" alt=\"se-puede-1-\" width=\"960\" height=\"466\" class=\"alignnone size-full wp-image-23429\" srcset=\"https:\/\/armstrongyregion.com.ar\/diario\/wp-content\/uploads\/2019\/10\/se-puede-1-.jpg 960w, https:\/\/armstrongyregion.com.ar\/diario\/wp-content\/uploads\/2019\/10\/se-puede-1--300x146.jpg 300w\" sizes=\"auto, (max-width: 960px) 100vw, 960px\" \/><\/a>El pasado s\u00e1bado 19 de octubre, se concentraron  m\u00e1s de 500 vecinos de Armstrong y la Regi\u00f3n, en el marco de la denominada \u00abMarcha del Mill\u00f3n\u00bb.<br \/>\n<a href=\"http:\/\/armstrongyregion.com.ar\/diario\/wp-content\/uploads\/2019\/10\/se-puede-2-.jpg\"><img loading=\"lazy\" decoding=\"async\" src=\"http:\/\/armstrongyregion.com.ar\/diario\/wp-content\/uploads\/2019\/10\/se-puede-2-.jpg\" alt=\"se-puede-2-\" width=\"960\" height=\"466\" class=\"alignnone size-full wp-image-23430\" srcset=\"https:\/\/armstrongyregion.com.ar\/diario\/wp-content\/uploads\/2019\/10\/se-puede-2-.jpg 960w, https:\/\/armstrongyregion.com.ar\/diario\/wp-content\/uploads\/2019\/10\/se-puede-2--300x146.jpg 300w\" sizes=\"auto, (max-width: 960px) 100vw, 960px\" \/><\/a>Con banderas argentinas y carteles que rezaban \u00abS\u00ed, se Puede\u00bb, \u00abMacri Presidente\u00bb, entre otros, los vecinos se autoconvocaron a partir de las 17 en el cruce de la Ruta 9 y 178.<br \/>\n<a href=\"http:\/\/armstrongyregion.com.ar\/diario\/wp-content\/uploads\/2019\/10\/se-puede-3-.jpg\"><img loading=\"lazy\" decoding=\"async\" src=\"http:\/\/armstrongyregion.com.ar\/diario\/wp-content\/uploads\/2019\/10\/se-puede-3-.jpg\" alt=\"se-puede-3-\" width=\"960\" height=\"466\" class=\"alignnone size-full wp-image-23431\" srcset=\"https:\/\/armstrongyregion.com.ar\/diario\/wp-content\/uploads\/2019\/10\/se-puede-3-.jpg 960w, https:\/\/armstrongyregion.com.ar\/diario\/wp-content\/uploads\/2019\/10\/se-puede-3--300x146.jpg 300w\" sizes=\"auto, (max-width: 960px) 100vw, 960px\" \/><\/a>Lugar que fuera emblem\u00e1tico en el a\u00f1o 2008 cuando una resoluci\u00f3n ministerial deton\u00f3 el conflicto m\u00e1s importante desde la implosi\u00f3n de la convertibilidad.<br \/>\n La 125\/08 del Ministerio de Econom\u00eda, que avanzaba sobre la rentabilidad de la cadena sojera con un esquema de retenciones m\u00f3viles, provocando una rebeli\u00f3n de ese complejo entramado sintetizado como \u00abel campo\u00bb, y en la que amplios sectores medios urbanos encontraron una oportunidad para canalizar el malestar que incubaba contra el gobierno de Cristina Kirchner.<br \/>\n<a href=\"http:\/\/armstrongyregion.com.ar\/diario\/wp-content\/uploads\/2019\/10\/se-puede-4-.jpg\"><img loading=\"lazy\" decoding=\"async\" src=\"http:\/\/armstrongyregion.com.ar\/diario\/wp-content\/uploads\/2019\/10\/se-puede-4-.jpg\" alt=\"se-puede-4-\" width=\"960\" height=\"466\" class=\"alignnone size-full wp-image-23432\" srcset=\"https:\/\/armstrongyregion.com.ar\/diario\/wp-content\/uploads\/2019\/10\/se-puede-4-.jpg 960w, https:\/\/armstrongyregion.com.ar\/diario\/wp-content\/uploads\/2019\/10\/se-puede-4--300x146.jpg 300w\" sizes=\"auto, (max-width: 960px) 100vw, 960px\" \/><\/a>Los encargados de la convocatoria Carlos Strologo y Julieta Molina agradecieron a todos los presentes, luego se enton\u00f3 el himno nacional argentino y tomo la posta el intendente local Dr. Pablo Verdecchia, quien en un breve discurso expreso: \u201cVer tanta gente, emociona. Esto se est\u00e1 repitiendo a lo largo y ancho del pa\u00eds, si seguimos as\u00ed \u201cSi se Puede\u201d.<br \/>\nLa autoridad m\u00e1xima de Armstrong, a\u00f1adi\u00f3: \u201cEstamos a una semana de la elecci\u00f3n y tenemos que salir a convencer, nosotros lo hemos vivido durante 12 a\u00f1os,  donde los productores no pod\u00edan sembrar trigo por no saber si nos dar\u00edan cupo para poder venderlo, yo recuerdo 2014, 2015 nuestras f\u00e1bricas estaban muy pintadas y limpias, era todo lo que nuestros empresarios pod\u00edan hacer para mantener el empleo, y no se vend\u00eda nada. La verdad no queremos volver a ese pasado, queremos seguir mirando hacia el futuro, queremos una rep\u00fablica basada en el trabajo, los valores, basada en la democracia, en la diferencia de opiniones, una rep\u00fablica que nos contenga a todos y que mire hacia adelante y al futuro. Hoy a esa rep\u00fablica la encabeza Mauricio Macri. \u00daltima semana y \u201cSi se puede\u201d.<br \/>\nA posteriori disertaron el candidato a Diputado por Cambiemos Juan Martin, el productor agropecuario Daniel Petteta y  le toco cerrar el acto al productor  Gerardo Colotti de Ca\u00f1ada de G\u00f3mez. <\/p>\n","protected":false},"excerpt":{"rendered":"<p>El pasado s\u00e1bado 19 de octubre, se concentraron m\u00e1s de 500 vecinos de Armstrong y la Regi\u00f3n, en el marco de la denominada \u00abMarcha del Mill\u00f3n\u00bb. Con banderas argentinas y carteles que rezaban \u00abS\u00ed, se Puede\u00bb, \u00abMacri Presidente\u00bb, entre otros, los vecinos se autoconvocaron a partir de las 17 en el cruce de la Ruta <a href=\"https:\/\/armstrongyregion.com.ar\/diario\/el-grito-de-si-se-puede-se-hizo-sentir-en-armstrong-y-la-region\/\" title=\"Read more\" >&#8230;<\/a><\/p>\n","protected":false},"author":1,"featured_media":23429,"comment_status":"open","ping_status":"open","sticky":false,"template":"","format":"standard","meta":{"_jetpack_memberships_contains_paid_content":false,"footnotes":"","jetpack_publicize_message":"","jetpack_publicize_feature_enabled":true,"jetpack_social_post_already_shared":false,"jetpack_social_options":{"image_generator_settings":{"template":"highway","default_image_id":0,"enabled":false},"version":2}},"categories":[6,8,1,2,7,3],"tags":[8450],"class_list":["post-23428","post","type-post","status-publish","format-standard","has-post-thumbnail","hentry","category-cultura-entretenimiento","category-deliberando","category-diario-armstrong","category-locales","category-politica","category-region","tag-el-grito-de-si-se-puede-se-hizo-sentir-en-armstrong-y-la-region"],"jetpack_publicize_connections":[],"jetpack_featured_media_url":"https:\/\/armstrongyregion.com.ar\/diario\/wp-content\/uploads\/2019\/10\/se-puede-1-.jpg","jetpack_shortlink":"https:\/\/wp.me\/p62QDO-65S","jetpack_sharing_enabled":true,"amp_enabled":true,"_links":{"self":[{"href":"https:\/\/armstrongyregion.com.ar\/diario\/wp-json\/wp\/v2\/posts\/23428","targetHints":{"allow":["GET"]}}],"collection":[{"href":"https:\/\/armstrongyregion.com.ar\/diario\/wp-json\/wp\/v2\/posts"}],"about":[{"href":"https:\/\/armstrongyregion.com.ar\/diario\/wp-json\/wp\/v2\/types\/post"}],"author":[{"embeddable":true,"href":"https:\/\/armstrongyregion.com.ar\/diario\/wp-json\/wp\/v2\/users\/1"}],"replies":[{"embeddable":true,"href":"https:\/\/armstrongyregion.com.ar\/diario\/wp-json\/wp\/v2\/comments?post=23428"}],"version-history":[{"count":0,"href":"https:\/\/armstrongyregion.com.ar\/diario\/wp-json\/wp\/v2\/posts\/23428\/revisions"}],"wp:featuredmedia":[{"embeddable":true,"href":"https:\/\/armstrongyregion.com.ar\/diario\/wp-json\/wp\/v2\/media\/23429"}],"wp:attachment":[{"href":"https:\/\/armstrongyregion.com.ar\/diario\/wp-json\/wp\/v2\/media?parent=23428"}],"wp:term":[{"taxonomy":"category","embeddable":true,"href":"https:\/\/armstrongyregion.com.ar\/diario\/wp-json\/wp\/v2\/categories?post=23428"},{"taxonomy":"post_tag","embeddable":true,"href":"https:\/\/armstrongyregion.com.ar\/diario\/wp-json\/wp\/v2\/tags?post=23428"}],"curies":[{"name":"wp","href":"https:\/\/api.w.org\/{rel}","templated":true}]}}