{"id":23425,"date":"2019-10-20T14:38:27","date_gmt":"2019-10-20T14:38:27","guid":{"rendered":"https:\/\/armstrongyregion.com.ar\/diario\/?p=23425"},"modified":"2019-10-20T14:38:27","modified_gmt":"2019-10-20T14:38:27","slug":"dia-de-la-madre-se-festeja-con-lluvia","status":"publish","type":"post","link":"https:\/\/armstrongyregion.com.ar\/diario\/dia-de-la-madre-se-festeja-con-lluvia\/","title":{"rendered":"D\u00eda de la Madre se festeja con lluvia."},"content":{"rendered":"<p><a href=\"http:\/\/armstrongyregion.com.ar\/diario\/wp-content\/uploads\/2019\/10\/madre-hija-kS7H-620x349@abc.jpg\"><img loading=\"lazy\" decoding=\"async\" src=\"http:\/\/armstrongyregion.com.ar\/diario\/wp-content\/uploads\/2019\/10\/madre-hija-kS7H-620x349@abc.jpg\" alt=\"madre-hija-kS7H--620x349@abc\" width=\"768\" height=\"432\" class=\"alignnone size-full wp-image-23426\" srcset=\"https:\/\/armstrongyregion.com.ar\/diario\/wp-content\/uploads\/2019\/10\/madre-hija-kS7H-620x349@abc.jpg 768w, https:\/\/armstrongyregion.com.ar\/diario\/wp-content\/uploads\/2019\/10\/madre-hija-kS7H-620x349@abc-300x169.jpg 300w\" sizes=\"auto, (max-width: 768px) 100vw, 768px\" \/><\/a>El Servicio Meteorol\u00f3gico anuncia precipitaciones para lo que resta de la jornada y para la ma\u00f1ana del lunes. El martes, aunque se podr\u00edan registrar nuevos chaparrones hacia la noche, el term\u00f3metro comenzar\u00e1 a subir.<\/p>\n<p>El Servicio Meteorol\u00f3gico Nacional (SMN) anuncia para lo que resta de la jornada chaparrones y lluvias aisladas, con m\u00e1xima de 18 grados.<\/p>\n","protected":false},"excerpt":{"rendered":"<p>El Servicio Meteorol\u00f3gico anuncia precipitaciones para lo que resta de la jornada y para la ma\u00f1ana del lunes. El martes, aunque se podr\u00edan registrar nuevos chaparrones hacia la noche, el term\u00f3metro comenzar\u00e1 a subir. El Servicio Meteorol\u00f3gico Nacional (SMN) anuncia para lo que resta de la jornada chaparrones y lluvias aisladas, con m\u00e1xima de 18 <a href=\"https:\/\/armstrongyregion.com.ar\/diario\/dia-de-la-madre-se-festeja-con-lluvia\/\" title=\"Read more\" >&#8230;<\/a><\/p>\n","protected":false},"author":1,"featured_media":23426,"comment_status":"open","ping_status":"open","sticky":false,"template":"","format":"standard","meta":{"_jetpack_memberships_contains_paid_content":false,"footnotes":"","jetpack_publicize_message":"","jetpack_publicize_feature_enabled":true,"jetpack_social_post_already_shared":false,"jetpack_social_options":{"image_generator_settings":{"template":"highway","default_image_id":0,"enabled":false},"version":2}},"categories":[1,2,7,3],"tags":[8449],"class_list":["post-23425","post","type-post","status-publish","format-standard","has-post-thumbnail","hentry","category-diario-armstrong","category-locales","category-politica","category-region","tag-dia-de-la-madre-se-festeja-con-lluvia"],"jetpack_publicize_connections":[],"jetpack_featured_media_url":"https:\/\/armstrongyregion.com.ar\/diario\/wp-content\/uploads\/2019\/10\/madre-hija-kS7H-620x349@abc.jpg","jetpack_shortlink":"https:\/\/wp.me\/p62QDO-65P","jetpack_sharing_enabled":true,"amp_enabled":true,"_links":{"self":[{"href":"https:\/\/armstrongyregion.com.ar\/diario\/wp-json\/wp\/v2\/posts\/23425","targetHints":{"allow":["GET"]}}],"collection":[{"href":"https:\/\/armstrongyregion.com.ar\/diario\/wp-json\/wp\/v2\/posts"}],"about":[{"href":"https:\/\/armstrongyregion.com.ar\/diario\/wp-json\/wp\/v2\/types\/post"}],"author":[{"embeddable":true,"href":"https:\/\/armstrongyregion.com.ar\/diario\/wp-json\/wp\/v2\/users\/1"}],"replies":[{"embeddable":true,"href":"https:\/\/armstrongyregion.com.ar\/diario\/wp-json\/wp\/v2\/comments?post=23425"}],"version-history":[{"count":0,"href":"https:\/\/armstrongyregion.com.ar\/diario\/wp-json\/wp\/v2\/posts\/23425\/revisions"}],"wp:featuredmedia":[{"embeddable":true,"href":"https:\/\/armstrongyregion.com.ar\/diario\/wp-json\/wp\/v2\/media\/23426"}],"wp:attachment":[{"href":"https:\/\/armstrongyregion.com.ar\/diario\/wp-json\/wp\/v2\/media?parent=23425"}],"wp:term":[{"taxonomy":"category","embeddable":true,"href":"https:\/\/armstrongyregion.com.ar\/diario\/wp-json\/wp\/v2\/categories?post=23425"},{"taxonomy":"post_tag","embeddable":true,"href":"https:\/\/armstrongyregion.com.ar\/diario\/wp-json\/wp\/v2\/tags?post=23425"}],"curies":[{"name":"wp","href":"https:\/\/api.w.org\/{rel}","templated":true}]}}