{"id":23390,"date":"2019-10-17T19:30:42","date_gmt":"2019-10-17T19:30:42","guid":{"rendered":"https:\/\/armstrongyregion.com.ar\/diario\/?p=23390"},"modified":"2019-10-17T19:30:42","modified_gmt":"2019-10-17T19:30:42","slug":"armstrong-sabores-y-colores-el-sabado-19-de-octubre","status":"publish","type":"post","link":"https:\/\/armstrongyregion.com.ar\/diario\/armstrong-sabores-y-colores-el-sabado-19-de-octubre\/","title":{"rendered":"Armstrong. Sabores y Colores el s\u00e1bado 19 de octubre."},"content":{"rendered":"<p><a href=\"http:\/\/armstrongyregion.com.ar\/diario\/wp-content\/uploads\/2019\/10\/feria_sab_19_octubre_2019.jpg\"><img loading=\"lazy\" decoding=\"async\" src=\"http:\/\/armstrongyregion.com.ar\/diario\/wp-content\/uploads\/2019\/10\/feria_sab_19_octubre_2019.jpg\" alt=\"feria_sab_19_octubre_2019\" width=\"768\" height=\"576\" class=\"alignnone size-full wp-image-23391\" srcset=\"https:\/\/armstrongyregion.com.ar\/diario\/wp-content\/uploads\/2019\/10\/feria_sab_19_octubre_2019.jpg 768w, https:\/\/armstrongyregion.com.ar\/diario\/wp-content\/uploads\/2019\/10\/feria_sab_19_octubre_2019-300x225.jpg 300w\" sizes=\"auto, (max-width: 768px) 100vw, 768px\" \/><\/a>La Municipalidad de Armstrong invita a una nueva feria de Sabores y Colores el s\u00e1bado 19 de octubre a partir de las 16 hs. en el paseo artesanal del parque Bracito Fuerte, adhiri\u00e9ndose a la actividad prevista por la prevenci\u00f3n del c\u00e1ncer de mama.<\/p>\n<p>Habr\u00e1 una importante cantidad de emprendedores locales y de la regi\u00f3n ofreciendo sus creaciones, teniendo en cuenta tambi\u00e9n que el domingo 20 se festeja el D\u00eda de la Madre, para que todos puedan elegir el mejor regalo para mam\u00e1.<\/p>\n<p>Buffet con bebidas frescas, agua caliente, m\u00fasica en vivo. Se suspende por lluvia.<\/p>\n","protected":false},"excerpt":{"rendered":"<p>La Municipalidad de Armstrong invita a una nueva feria de Sabores y Colores el s\u00e1bado 19 de octubre a partir de las 16 hs. en el paseo artesanal del parque Bracito Fuerte, adhiri\u00e9ndose a la actividad prevista por la prevenci\u00f3n del c\u00e1ncer de mama. Habr\u00e1 una importante cantidad de emprendedores locales y de la regi\u00f3n <a href=\"https:\/\/armstrongyregion.com.ar\/diario\/armstrong-sabores-y-colores-el-sabado-19-de-octubre\/\" title=\"Read more\" >&#8230;<\/a><\/p>\n","protected":false},"author":1,"featured_media":23391,"comment_status":"open","ping_status":"open","sticky":false,"template":"","format":"standard","meta":{"_jetpack_memberships_contains_paid_content":false,"footnotes":"","jetpack_publicize_message":"","jetpack_publicize_feature_enabled":true,"jetpack_social_post_already_shared":false,"jetpack_social_options":{"image_generator_settings":{"template":"highway","default_image_id":0,"enabled":false},"version":2}},"categories":[6,8,1,2,3],"tags":[8438],"class_list":["post-23390","post","type-post","status-publish","format-standard","has-post-thumbnail","hentry","category-cultura-entretenimiento","category-deliberando","category-diario-armstrong","category-locales","category-region","tag-sabores-y-colores-el-sabado-19-de-octubre"],"jetpack_publicize_connections":[],"jetpack_featured_media_url":"https:\/\/armstrongyregion.com.ar\/diario\/wp-content\/uploads\/2019\/10\/feria_sab_19_octubre_2019.jpg","jetpack_shortlink":"https:\/\/wp.me\/p62QDO-65g","jetpack_sharing_enabled":true,"amp_enabled":true,"_links":{"self":[{"href":"https:\/\/armstrongyregion.com.ar\/diario\/wp-json\/wp\/v2\/posts\/23390","targetHints":{"allow":["GET"]}}],"collection":[{"href":"https:\/\/armstrongyregion.com.ar\/diario\/wp-json\/wp\/v2\/posts"}],"about":[{"href":"https:\/\/armstrongyregion.com.ar\/diario\/wp-json\/wp\/v2\/types\/post"}],"author":[{"embeddable":true,"href":"https:\/\/armstrongyregion.com.ar\/diario\/wp-json\/wp\/v2\/users\/1"}],"replies":[{"embeddable":true,"href":"https:\/\/armstrongyregion.com.ar\/diario\/wp-json\/wp\/v2\/comments?post=23390"}],"version-history":[{"count":0,"href":"https:\/\/armstrongyregion.com.ar\/diario\/wp-json\/wp\/v2\/posts\/23390\/revisions"}],"wp:featuredmedia":[{"embeddable":true,"href":"https:\/\/armstrongyregion.com.ar\/diario\/wp-json\/wp\/v2\/media\/23391"}],"wp:attachment":[{"href":"https:\/\/armstrongyregion.com.ar\/diario\/wp-json\/wp\/v2\/media?parent=23390"}],"wp:term":[{"taxonomy":"category","embeddable":true,"href":"https:\/\/armstrongyregion.com.ar\/diario\/wp-json\/wp\/v2\/categories?post=23390"},{"taxonomy":"post_tag","embeddable":true,"href":"https:\/\/armstrongyregion.com.ar\/diario\/wp-json\/wp\/v2\/tags?post=23390"}],"curies":[{"name":"wp","href":"https:\/\/api.w.org\/{rel}","templated":true}]}}