{"id":23374,"date":"2019-10-15T15:09:53","date_gmt":"2019-10-15T15:09:53","guid":{"rendered":"https:\/\/armstrongyregion.com.ar\/diario\/?p=23374"},"modified":"2019-10-15T15:09:53","modified_gmt":"2019-10-15T15:09:53","slug":"clerici-expuso-en-el-foro-de-ciudades-habitat-federalismo-e-identidad","status":"publish","type":"post","link":"https:\/\/armstrongyregion.com.ar\/diario\/clerici-expuso-en-el-foro-de-ciudades-habitat-federalismo-e-identidad\/","title":{"rendered":"Clerici expuso en el foro de ciudades \u00abH\u00e1bitat, Federalismo e Identidad\u00bb."},"content":{"rendered":"<p><a href=\"http:\/\/armstrongyregion.com.ar\/diario\/wp-content\/uploads\/2019\/10\/clerici-.jpeg\"><img loading=\"lazy\" decoding=\"async\" src=\"http:\/\/armstrongyregion.com.ar\/diario\/wp-content\/uploads\/2019\/10\/clerici-.jpeg\" alt=\"clerici-\" width=\"768\" height=\"432\" class=\"alignnone size-full wp-image-23375\" srcset=\"https:\/\/armstrongyregion.com.ar\/diario\/wp-content\/uploads\/2019\/10\/clerici-.jpeg 768w, https:\/\/armstrongyregion.com.ar\/diario\/wp-content\/uploads\/2019\/10\/clerici--300x169.jpeg 300w\" sizes=\"auto, (max-width: 768px) 100vw, 768px\" \/><\/a>Se realiz\u00f3 en Rosario en el marco de la presentaci\u00f3n de Alberto Fern\u00e1ndez. La intendenta present\u00f3 el trabajo como parte del Plan Estrat\u00e9gico Urbano Territorial realizado en materia de soluciones habitacionales.<\/p>\n<p>La intendenta Stella Cl\u00e9rici particip\u00f3 junto a otros intendentes y presidentes comunales, del Foro de Ciudades \u201cH\u00e1bitat, federalismo e identidad\u201d que se realiz\u00f3 en Rosario en el marco de la presentaci\u00f3n del candidato a presidente Alberto Fern\u00e1ndez, el gobernador electo Omar Perotti y la arquitecta Mar\u00eda Eugenia Bielsa.<\/p>\n<p>Cl\u00e9rici expuso sobre el trabajo realizado en la gesti\u00f3n desde el Plan Estrat\u00e9gico Urbano Territorial en materia de soluciones habitaciones, desde los planes Mi Lote hasta las viviendas que se han ejecutado como parte de diferentes programas a nivel provincial y nacional. \u201cEs un honor estar ac\u00e1 para contar la experiencia, y compartir la de otras localidades, para ver lo que hicimos y lo que falta por hacer\u201d, expres\u00f3 Cl\u00e9rici.  <\/p>\n","protected":false},"excerpt":{"rendered":"<p>Se realiz\u00f3 en Rosario en el marco de la presentaci\u00f3n de Alberto Fern\u00e1ndez. La intendenta present\u00f3 el trabajo como parte del Plan Estrat\u00e9gico Urbano Territorial realizado en materia de soluciones habitacionales. La intendenta Stella Cl\u00e9rici particip\u00f3 junto a otros intendentes y presidentes comunales, del Foro de Ciudades \u201cH\u00e1bitat, federalismo e identidad\u201d que se realiz\u00f3 en <a href=\"https:\/\/armstrongyregion.com.ar\/diario\/clerici-expuso-en-el-foro-de-ciudades-habitat-federalismo-e-identidad\/\" title=\"Read more\" >&#8230;<\/a><\/p>\n","protected":false},"author":1,"featured_media":23375,"comment_status":"open","ping_status":"open","sticky":false,"template":"","format":"standard","meta":{"_jetpack_memberships_contains_paid_content":false,"footnotes":"","jetpack_publicize_message":"","jetpack_publicize_feature_enabled":true,"jetpack_social_post_already_shared":false,"jetpack_social_options":{"image_generator_settings":{"template":"highway","default_image_id":0,"enabled":false},"version":2}},"categories":[8,2,7,3],"tags":[1929,83,8432,15,3102],"class_list":["post-23374","post","type-post","status-publish","format-standard","has-post-thumbnail","hentry","category-deliberando","category-locales","category-politica","category-region","tag-ciudades","tag-clerici","tag-diserto","tag-en","tag-foro"],"jetpack_publicize_connections":[],"jetpack_featured_media_url":"https:\/\/armstrongyregion.com.ar\/diario\/wp-content\/uploads\/2019\/10\/clerici-.jpeg","jetpack_shortlink":"https:\/\/wp.me\/p62QDO-650","jetpack_sharing_enabled":true,"amp_enabled":true,"_links":{"self":[{"href":"https:\/\/armstrongyregion.com.ar\/diario\/wp-json\/wp\/v2\/posts\/23374","targetHints":{"allow":["GET"]}}],"collection":[{"href":"https:\/\/armstrongyregion.com.ar\/diario\/wp-json\/wp\/v2\/posts"}],"about":[{"href":"https:\/\/armstrongyregion.com.ar\/diario\/wp-json\/wp\/v2\/types\/post"}],"author":[{"embeddable":true,"href":"https:\/\/armstrongyregion.com.ar\/diario\/wp-json\/wp\/v2\/users\/1"}],"replies":[{"embeddable":true,"href":"https:\/\/armstrongyregion.com.ar\/diario\/wp-json\/wp\/v2\/comments?post=23374"}],"version-history":[{"count":0,"href":"https:\/\/armstrongyregion.com.ar\/diario\/wp-json\/wp\/v2\/posts\/23374\/revisions"}],"wp:featuredmedia":[{"embeddable":true,"href":"https:\/\/armstrongyregion.com.ar\/diario\/wp-json\/wp\/v2\/media\/23375"}],"wp:attachment":[{"href":"https:\/\/armstrongyregion.com.ar\/diario\/wp-json\/wp\/v2\/media?parent=23374"}],"wp:term":[{"taxonomy":"category","embeddable":true,"href":"https:\/\/armstrongyregion.com.ar\/diario\/wp-json\/wp\/v2\/categories?post=23374"},{"taxonomy":"post_tag","embeddable":true,"href":"https:\/\/armstrongyregion.com.ar\/diario\/wp-json\/wp\/v2\/tags?post=23374"}],"curies":[{"name":"wp","href":"https:\/\/api.w.org\/{rel}","templated":true}]}}