{"id":2337,"date":"2015-05-26T02:11:25","date_gmt":"2015-05-26T02:11:25","guid":{"rendered":"https:\/\/armstrongyregion.com.ar\/diario\/?p=2337"},"modified":"2015-05-26T02:51:48","modified_gmt":"2015-05-26T02:51:48","slug":"este-martes-en-deliberando-los-candidatos-marcan-terreno","status":"publish","type":"post","link":"https:\/\/armstrongyregion.com.ar\/diario\/este-martes-en-deliberando-los-candidatos-marcan-terreno\/","title":{"rendered":"Este martes en DELIBERANDO, los candidatos marcan terreno."},"content":{"rendered":"<p><a href=\"http:\/\/armstrongyregion.com.ar\/diario\/wp-content\/uploads\/2015\/05\/DSC_0582.jpg\"><img loading=\"lazy\" decoding=\"async\" src=\"http:\/\/armstrongyregion.com.ar\/diario\/wp-content\/uploads\/2015\/05\/DSC_0582-300x200.jpg\" alt=\"Dr. Pablo Verdecchia\" width=\"300\" height=\"200\" class=\"alignnone size-medium wp-image-2338\" srcset=\"https:\/\/armstrongyregion.com.ar\/diario\/wp-content\/uploads\/2015\/05\/DSC_0582-300x200.jpg 300w, https:\/\/armstrongyregion.com.ar\/diario\/wp-content\/uploads\/2015\/05\/DSC_0582-1024x682.jpg 1024w\" sizes=\"auto, (max-width: 300px) 100vw, 300px\" \/><\/a>La senadur\u00eda del departamento Belgrano cambiar\u00e1 de signo pol\u00edtico? adem\u00e1s del nombre del nuevo legislador.<br \/>\nPor ello Pablo Verdecchia, representante del Frente Progresista C\u00edvico y Social, detalla las diferencias que, de llegar a la banca, impondr\u00eda en su gesti\u00f3n departamental.<br \/>\nLeandro Dietschi, tras llevar adelante una serie de mejoramientos en la localidad de Montes de Oca desde que est\u00e1 al frente de la comuna, intentar\u00e1 repetir su mandato, para avanzar en la concreci\u00f3n de nuevos emprendimientos necesarios para el desarrollo de la misma.<br \/>\nUna figura joven que llega a la pol\u00edtica sin haber estado anteriormente en cargo p\u00fablico alguno, intenta ocupar la banca de concejal del legislativo de Las Rosas, en representaci\u00f3n del Frente Renovador, marc\u00f3 la necesidad que se reponga la aplicaci\u00f3n de ordenanzas ya sancionadas y que no se ejecutan hoy en d\u00eda, ejemplo la de las becas.<br \/>\nTras veinte a\u00f1os como presidente comunal de Bouquet, Guillermo Cornaglia, estim\u00f3 justo el momento para ir por la senadur\u00eda del departamento y poder aplicar su concepci\u00f3n en la relaci\u00f3n legislador\/intendente-presidente comunal, del sector pol\u00edtico que sea. Todo este martes en DELIBERANDO,  a las 21hs. con la conducci\u00f3n de la licenciada Graciela de la Casa y Oscar Crispino.<\/p>\n","protected":false},"excerpt":{"rendered":"<p>La senadur\u00eda del departamento Belgrano cambiar\u00e1 de signo pol\u00edtico? adem\u00e1s del nombre del nuevo legislador. Por ello Pablo Verdecchia, representante del Frente Progresista C\u00edvico y Social, detalla las diferencias que, de llegar a la banca, impondr\u00eda en su gesti\u00f3n departamental. Leandro Dietschi, tras llevar adelante una serie de mejoramientos en la localidad de Montes de <a href=\"https:\/\/armstrongyregion.com.ar\/diario\/este-martes-en-deliberando-los-candidatos-marcan-terreno\/\" title=\"Read more\" >&#8230;<\/a><\/p>\n","protected":false},"author":2,"featured_media":2338,"comment_status":"open","ping_status":"open","sticky":false,"template":"","format":"standard","meta":{"_jetpack_memberships_contains_paid_content":false,"footnotes":"","jetpack_publicize_message":"","jetpack_publicize_feature_enabled":true,"jetpack_social_post_already_shared":false,"jetpack_social_options":{"image_generator_settings":{"template":"highway","default_image_id":0,"enabled":false},"version":2}},"categories":[8,1,2,7],"tags":[765,1307,42,1811,1102],"class_list":["post-2337","post","type-post","status-publish","format-standard","has-post-thumbnail","hentry","category-deliberando","category-diario-armstrong","category-locales","category-politica","tag-candidatos","tag-este-martes-en-deliberando","tag-los","tag-marcan","tag-terreno"],"jetpack_publicize_connections":[],"jetpack_featured_media_url":"https:\/\/armstrongyregion.com.ar\/diario\/wp-content\/uploads\/2015\/05\/DSC_0582.jpg","jetpack_shortlink":"https:\/\/wp.me\/p62QDO-BH","jetpack_sharing_enabled":true,"amp_enabled":true,"_links":{"self":[{"href":"https:\/\/armstrongyregion.com.ar\/diario\/wp-json\/wp\/v2\/posts\/2337","targetHints":{"allow":["GET"]}}],"collection":[{"href":"https:\/\/armstrongyregion.com.ar\/diario\/wp-json\/wp\/v2\/posts"}],"about":[{"href":"https:\/\/armstrongyregion.com.ar\/diario\/wp-json\/wp\/v2\/types\/post"}],"author":[{"embeddable":true,"href":"https:\/\/armstrongyregion.com.ar\/diario\/wp-json\/wp\/v2\/users\/2"}],"replies":[{"embeddable":true,"href":"https:\/\/armstrongyregion.com.ar\/diario\/wp-json\/wp\/v2\/comments?post=2337"}],"version-history":[{"count":0,"href":"https:\/\/armstrongyregion.com.ar\/diario\/wp-json\/wp\/v2\/posts\/2337\/revisions"}],"wp:featuredmedia":[{"embeddable":true,"href":"https:\/\/armstrongyregion.com.ar\/diario\/wp-json\/wp\/v2\/media\/2338"}],"wp:attachment":[{"href":"https:\/\/armstrongyregion.com.ar\/diario\/wp-json\/wp\/v2\/media?parent=2337"}],"wp:term":[{"taxonomy":"category","embeddable":true,"href":"https:\/\/armstrongyregion.com.ar\/diario\/wp-json\/wp\/v2\/categories?post=2337"},{"taxonomy":"post_tag","embeddable":true,"href":"https:\/\/armstrongyregion.com.ar\/diario\/wp-json\/wp\/v2\/tags?post=2337"}],"curies":[{"name":"wp","href":"https:\/\/api.w.org\/{rel}","templated":true}]}}