{"id":23367,"date":"2019-10-15T13:07:48","date_gmt":"2019-10-15T13:07:48","guid":{"rendered":"https:\/\/armstrongyregion.com.ar\/diario\/?p=23367"},"modified":"2019-10-15T13:07:48","modified_gmt":"2019-10-15T13:07:48","slug":"deliberando-elecciones-nacionales-cuenta-regresiva","status":"publish","type":"post","link":"https:\/\/armstrongyregion.com.ar\/diario\/deliberando-elecciones-nacionales-cuenta-regresiva\/","title":{"rendered":"Deliberando. Elecciones Nacionales, Cuenta Regresiva."},"content":{"rendered":"<p><a href=\"http:\/\/armstrongyregion.com.ar\/diario\/wp-content\/uploads\/2019\/10\/Sandra-clerici-octubre-19-.jpg\"><img loading=\"lazy\" decoding=\"async\" src=\"http:\/\/armstrongyregion.com.ar\/diario\/wp-content\/uploads\/2019\/10\/Sandra-clerici-octubre-19-.jpg\" alt=\"Sandra-clerici-octubre-19-\" width=\"768\" height=\"510\" class=\"alignnone size-full wp-image-23368\" srcset=\"https:\/\/armstrongyregion.com.ar\/diario\/wp-content\/uploads\/2019\/10\/Sandra-clerici-octubre-19-.jpg 768w, https:\/\/armstrongyregion.com.ar\/diario\/wp-content\/uploads\/2019\/10\/Sandra-clerici-octubre-19--300x199.jpg 300w\" sizes=\"auto, (max-width: 768px) 100vw, 768px\" \/><\/a>Hoy en Deliberando participara la Pta. Del Concejo Deliberante de Las Parejas, Sandra Clerici, qui\u00e9n tambi\u00e9n integra la lista de Diputados Nacionales que encabeza Enrique Est\u00e9vez, por Consenso Federal. Porque est\u00e1 convencida de que esta tercera fuerza es la mejor opci\u00f3n? Nos lo contara hoy martes 20hs.<br \/>\n<a href=\"http:\/\/armstrongyregion.com.ar\/diario\/wp-content\/uploads\/2019\/10\/Diego-Mansilla-octubre-19-.jpg\"><img loading=\"lazy\" decoding=\"async\" src=\"http:\/\/armstrongyregion.com.ar\/diario\/wp-content\/uploads\/2019\/10\/Diego-Mansilla-octubre-19-.jpg\" alt=\"Diego-Mansilla-octubre-19-\" width=\"768\" height=\"537\" class=\"alignnone size-full wp-image-23369\" srcset=\"https:\/\/armstrongyregion.com.ar\/diario\/wp-content\/uploads\/2019\/10\/Diego-Mansilla-octubre-19-.jpg 768w, https:\/\/armstrongyregion.com.ar\/diario\/wp-content\/uploads\/2019\/10\/Diego-Mansilla-octubre-19--300x210.jpg 300w\" sizes=\"auto, (max-width: 768px) 100vw, 768px\" \/><\/a>Nuestro segundo invitado, el  Parlamentario del Mercosur Dr. Diego Mansilla, quien nos informara sobre lo tratado en las \u00faltimas sesiones, proyectos y futuro pol\u00edtico. Tambi\u00e9n consultaremos porque cree que el candidato a Presidente Alberto Fern\u00e1ndez es la mejor opci\u00f3n para este 27 de octubre.<br \/>\nMartes 15 de Octubre, 20hs. Por Cable Imagen Armstrong.<\/p>\n","protected":false},"excerpt":{"rendered":"<p>Hoy en Deliberando participara la Pta. Del Concejo Deliberante de Las Parejas, Sandra Clerici, qui\u00e9n tambi\u00e9n integra la lista de Diputados Nacionales que encabeza Enrique Est\u00e9vez, por Consenso Federal. Porque est\u00e1 convencida de que esta tercera fuerza es la mejor opci\u00f3n? Nos lo contara hoy martes 20hs. Nuestro segundo invitado, el Parlamentario del Mercosur Dr. <a href=\"https:\/\/armstrongyregion.com.ar\/diario\/deliberando-elecciones-nacionales-cuenta-regresiva\/\" title=\"Read more\" >&#8230;<\/a><\/p>\n","protected":false},"author":1,"featured_media":23368,"comment_status":"open","ping_status":"open","sticky":false,"template":"","format":"standard","meta":{"_jetpack_memberships_contains_paid_content":false,"footnotes":"","jetpack_publicize_message":"","jetpack_publicize_feature_enabled":true,"jetpack_social_post_already_shared":false,"jetpack_social_options":{"image_generator_settings":{"template":"highway","default_image_id":0,"enabled":false},"version":2}},"categories":[6,8,2,7,3],"tags":[6208,8430],"class_list":["post-23367","post","type-post","status-publish","format-standard","has-post-thumbnail","hentry","category-cultura-entretenimiento","category-deliberando","category-locales","category-politica","category-region","tag-cuenta-regresiva","tag-deliberando-elecciones-nacionales"],"jetpack_publicize_connections":[],"jetpack_featured_media_url":"https:\/\/armstrongyregion.com.ar\/diario\/wp-content\/uploads\/2019\/10\/Sandra-clerici-octubre-19-.jpg","jetpack_shortlink":"https:\/\/wp.me\/p62QDO-64T","jetpack_sharing_enabled":true,"amp_enabled":true,"_links":{"self":[{"href":"https:\/\/armstrongyregion.com.ar\/diario\/wp-json\/wp\/v2\/posts\/23367","targetHints":{"allow":["GET"]}}],"collection":[{"href":"https:\/\/armstrongyregion.com.ar\/diario\/wp-json\/wp\/v2\/posts"}],"about":[{"href":"https:\/\/armstrongyregion.com.ar\/diario\/wp-json\/wp\/v2\/types\/post"}],"author":[{"embeddable":true,"href":"https:\/\/armstrongyregion.com.ar\/diario\/wp-json\/wp\/v2\/users\/1"}],"replies":[{"embeddable":true,"href":"https:\/\/armstrongyregion.com.ar\/diario\/wp-json\/wp\/v2\/comments?post=23367"}],"version-history":[{"count":0,"href":"https:\/\/armstrongyregion.com.ar\/diario\/wp-json\/wp\/v2\/posts\/23367\/revisions"}],"wp:featuredmedia":[{"embeddable":true,"href":"https:\/\/armstrongyregion.com.ar\/diario\/wp-json\/wp\/v2\/media\/23368"}],"wp:attachment":[{"href":"https:\/\/armstrongyregion.com.ar\/diario\/wp-json\/wp\/v2\/media?parent=23367"}],"wp:term":[{"taxonomy":"category","embeddable":true,"href":"https:\/\/armstrongyregion.com.ar\/diario\/wp-json\/wp\/v2\/categories?post=23367"},{"taxonomy":"post_tag","embeddable":true,"href":"https:\/\/armstrongyregion.com.ar\/diario\/wp-json\/wp\/v2\/tags?post=23367"}],"curies":[{"name":"wp","href":"https:\/\/api.w.org\/{rel}","templated":true}]}}