{"id":23364,"date":"2019-10-15T12:59:45","date_gmt":"2019-10-15T12:59:45","guid":{"rendered":"https:\/\/armstrongyregion.com.ar\/diario\/?p=23364"},"modified":"2019-10-15T12:59:45","modified_gmt":"2019-10-15T12:59:45","slug":"taller-de-sensibilizacion-turistica-y-diseno-de-fiestas-populares","status":"publish","type":"post","link":"https:\/\/armstrongyregion.com.ar\/diario\/taller-de-sensibilizacion-turistica-y-diseno-de-fiestas-populares\/","title":{"rendered":"Taller de sensibilizaci\u00f3n tur\u00edstica y dise\u00f1o de fiestas populares."},"content":{"rendered":"<p><a href=\"http:\/\/armstrongyregion.com.ar\/diario\/wp-content\/uploads\/2019\/10\/Taller-TURISMO.jpg\"><img loading=\"lazy\" decoding=\"async\" src=\"http:\/\/armstrongyregion.com.ar\/diario\/wp-content\/uploads\/2019\/10\/Taller-TURISMO.jpg\" alt=\"Taller TURISMO\" width=\"768\" height=\"541\" class=\"alignnone size-full wp-image-23365\" srcset=\"https:\/\/armstrongyregion.com.ar\/diario\/wp-content\/uploads\/2019\/10\/Taller-TURISMO.jpg 768w, https:\/\/armstrongyregion.com.ar\/diario\/wp-content\/uploads\/2019\/10\/Taller-TURISMO-300x211.jpg 300w\" sizes=\"auto, (max-width: 768px) 100vw, 768px\" \/><\/a>La Comuna de Correa y la Secretaria de Turismo del Gobierno de Santa Fe invitan al \u201cTaller de sensibilizaci\u00f3n tur\u00edstica y dise\u00f1o de fiestas populares\u201d, que tendr\u00e1 lugar el martes 15 de octubre de 14 a 16 hs. en el Centro Cultural Villa \u00c1ngela.<\/p>\n<p>Actividad gratuita. No requiere inscripci\u00f3n previa. <\/p>\n","protected":false},"excerpt":{"rendered":"<p>La Comuna de Correa y la Secretaria de Turismo del Gobierno de Santa Fe invitan al \u201cTaller de sensibilizaci\u00f3n tur\u00edstica y dise\u00f1o de fiestas populares\u201d, que tendr\u00e1 lugar el martes 15 de octubre de 14 a 16 hs. en el Centro Cultural Villa \u00c1ngela. Actividad gratuita. No requiere inscripci\u00f3n previa.<\/p>\n","protected":false},"author":1,"featured_media":23365,"comment_status":"open","ping_status":"open","sticky":false,"template":"","format":"standard","meta":{"_jetpack_memberships_contains_paid_content":false,"footnotes":"","jetpack_publicize_message":"","jetpack_publicize_feature_enabled":true,"jetpack_social_post_already_shared":false,"jetpack_social_options":{"image_generator_settings":{"template":"highway","default_image_id":0,"enabled":false},"version":2}},"categories":[8,1,2],"tags":[8429],"class_list":["post-23364","post","type-post","status-publish","format-standard","has-post-thumbnail","hentry","category-deliberando","category-diario-armstrong","category-locales","tag-taller-de-sensibilizacion-turistica-y-diseno-de-fiestas-populares"],"jetpack_publicize_connections":[],"jetpack_featured_media_url":"https:\/\/armstrongyregion.com.ar\/diario\/wp-content\/uploads\/2019\/10\/Taller-TURISMO.jpg","jetpack_shortlink":"https:\/\/wp.me\/p62QDO-64Q","jetpack_sharing_enabled":true,"amp_enabled":true,"_links":{"self":[{"href":"https:\/\/armstrongyregion.com.ar\/diario\/wp-json\/wp\/v2\/posts\/23364","targetHints":{"allow":["GET"]}}],"collection":[{"href":"https:\/\/armstrongyregion.com.ar\/diario\/wp-json\/wp\/v2\/posts"}],"about":[{"href":"https:\/\/armstrongyregion.com.ar\/diario\/wp-json\/wp\/v2\/types\/post"}],"author":[{"embeddable":true,"href":"https:\/\/armstrongyregion.com.ar\/diario\/wp-json\/wp\/v2\/users\/1"}],"replies":[{"embeddable":true,"href":"https:\/\/armstrongyregion.com.ar\/diario\/wp-json\/wp\/v2\/comments?post=23364"}],"version-history":[{"count":0,"href":"https:\/\/armstrongyregion.com.ar\/diario\/wp-json\/wp\/v2\/posts\/23364\/revisions"}],"wp:featuredmedia":[{"embeddable":true,"href":"https:\/\/armstrongyregion.com.ar\/diario\/wp-json\/wp\/v2\/media\/23365"}],"wp:attachment":[{"href":"https:\/\/armstrongyregion.com.ar\/diario\/wp-json\/wp\/v2\/media?parent=23364"}],"wp:term":[{"taxonomy":"category","embeddable":true,"href":"https:\/\/armstrongyregion.com.ar\/diario\/wp-json\/wp\/v2\/categories?post=23364"},{"taxonomy":"post_tag","embeddable":true,"href":"https:\/\/armstrongyregion.com.ar\/diario\/wp-json\/wp\/v2\/tags?post=23364"}],"curies":[{"name":"wp","href":"https:\/\/api.w.org\/{rel}","templated":true}]}}