{"id":23336,"date":"2019-10-11T22:05:17","date_gmt":"2019-10-11T22:05:17","guid":{"rendered":"https:\/\/armstrongyregion.com.ar\/diario\/?p=23336"},"modified":"2019-10-11T22:05:17","modified_gmt":"2019-10-11T22:05:17","slug":"clerici-expuso-en-el-encuentro-construyendo-liderazgos","status":"publish","type":"post","link":"https:\/\/armstrongyregion.com.ar\/diario\/clerici-expuso-en-el-encuentro-construyendo-liderazgos\/","title":{"rendered":"Cl\u00e9rici expuso en el encuentro \u00abConstruyendo Liderazgos\u00bb."},"content":{"rendered":"<p><a href=\"http:\/\/armstrongyregion.com.ar\/diario\/wp-content\/uploads\/2019\/10\/WhatsApp-Image-2019-10-11-at-11.12.42.jpeg\"><img loading=\"lazy\" decoding=\"async\" src=\"http:\/\/armstrongyregion.com.ar\/diario\/wp-content\/uploads\/2019\/10\/WhatsApp-Image-2019-10-11-at-11.12.42.jpeg\" alt=\"WhatsApp Image 2019-10-11 at 11.12.42\" width=\"768\" height=\"512\" class=\"alignnone size-full wp-image-23337\" srcset=\"https:\/\/armstrongyregion.com.ar\/diario\/wp-content\/uploads\/2019\/10\/WhatsApp-Image-2019-10-11-at-11.12.42.jpeg 768w, https:\/\/armstrongyregion.com.ar\/diario\/wp-content\/uploads\/2019\/10\/WhatsApp-Image-2019-10-11-at-11.12.42-300x200.jpeg 300w\" sizes=\"auto, (max-width: 768px) 100vw, 768px\" \/><\/a>Junto a la diputada nacional Silvina Frana conformaron el panel \u201cGobiernos locales, desarrollo e integraci\u00f3n regional\u201d. En el acto presentaron el lanzamiento de ACEP Ca\u00f1ada de G\u00f3mez.<br \/>\nLa intendenta Stella Cl\u00e9rici expuso la experiencia local en el Encuentro provincial \u201cConstruyendo Liderazgos\u201d, junto a la diputada nacional Silvina Frana, en el panel \u201cGobiernos locales, desarrollo e integraci\u00f3n regional\u201d.<\/p>\n<p>En ese marco, junto al referente de la Asociaci\u00f3n Civil de Estudios Populares Leandro Graglia anunciaron el lanzamiento de ACEP Ca\u00f1ada de G\u00f3mez, con el objetivo de desarrollar actividades conjuntas de capacitaci\u00f3n y formaci\u00f3n, principalmente junto a los j\u00f3venes. \u201cEs un orgullo poder exponer la experiencia de nuestra ciudad en el desarrollo e integraci\u00f3n regional\u201d, expres\u00f3 Clerici y explic\u00f3 que estrechar v\u00ednculos con ACEP, tiene el objetivo de promover la investigaci\u00f3n y capacitaci\u00f3n sobre temas de administraci\u00f3n y gesti\u00f3n p\u00fablica, municipalismo, medioambiente y desarrollo sustentable, integraci\u00f3n regional, pol\u00edticas tecnol\u00f3gicas, econom\u00eda y seguridad, entre otros.<\/p>\n","protected":false},"excerpt":{"rendered":"<p>Junto a la diputada nacional Silvina Frana conformaron el panel \u201cGobiernos locales, desarrollo e integraci\u00f3n regional\u201d. En el acto presentaron el lanzamiento de ACEP Ca\u00f1ada de G\u00f3mez. La intendenta Stella Cl\u00e9rici expuso la experiencia local en el Encuentro provincial \u201cConstruyendo Liderazgos\u201d, junto a la diputada nacional Silvina Frana, en el panel \u201cGobiernos locales, desarrollo e <a href=\"https:\/\/armstrongyregion.com.ar\/diario\/clerici-expuso-en-el-encuentro-construyendo-liderazgos\/\" title=\"Read more\" >&#8230;<\/a><\/p>\n","protected":false},"author":1,"featured_media":23337,"comment_status":"open","ping_status":"open","sticky":false,"template":"","format":"standard","meta":{"_jetpack_memberships_contains_paid_content":false,"footnotes":"","jetpack_publicize_message":"","jetpack_publicize_feature_enabled":true,"jetpack_social_post_already_shared":false,"jetpack_social_options":{"image_generator_settings":{"template":"highway","default_image_id":0,"enabled":false},"version":2}},"categories":[8,1,7,3],"tags":[8421],"class_list":["post-23336","post","type-post","status-publish","format-standard","has-post-thumbnail","hentry","category-deliberando","category-diario-armstrong","category-politica","category-region","tag-clerici-expuso-en-el-encuentro-construyendo-liderazgos"],"jetpack_publicize_connections":[],"jetpack_featured_media_url":"https:\/\/armstrongyregion.com.ar\/diario\/wp-content\/uploads\/2019\/10\/WhatsApp-Image-2019-10-11-at-11.12.42.jpeg","jetpack_shortlink":"https:\/\/wp.me\/p62QDO-64o","jetpack_sharing_enabled":true,"amp_enabled":true,"_links":{"self":[{"href":"https:\/\/armstrongyregion.com.ar\/diario\/wp-json\/wp\/v2\/posts\/23336","targetHints":{"allow":["GET"]}}],"collection":[{"href":"https:\/\/armstrongyregion.com.ar\/diario\/wp-json\/wp\/v2\/posts"}],"about":[{"href":"https:\/\/armstrongyregion.com.ar\/diario\/wp-json\/wp\/v2\/types\/post"}],"author":[{"embeddable":true,"href":"https:\/\/armstrongyregion.com.ar\/diario\/wp-json\/wp\/v2\/users\/1"}],"replies":[{"embeddable":true,"href":"https:\/\/armstrongyregion.com.ar\/diario\/wp-json\/wp\/v2\/comments?post=23336"}],"version-history":[{"count":0,"href":"https:\/\/armstrongyregion.com.ar\/diario\/wp-json\/wp\/v2\/posts\/23336\/revisions"}],"wp:featuredmedia":[{"embeddable":true,"href":"https:\/\/armstrongyregion.com.ar\/diario\/wp-json\/wp\/v2\/media\/23337"}],"wp:attachment":[{"href":"https:\/\/armstrongyregion.com.ar\/diario\/wp-json\/wp\/v2\/media?parent=23336"}],"wp:term":[{"taxonomy":"category","embeddable":true,"href":"https:\/\/armstrongyregion.com.ar\/diario\/wp-json\/wp\/v2\/categories?post=23336"},{"taxonomy":"post_tag","embeddable":true,"href":"https:\/\/armstrongyregion.com.ar\/diario\/wp-json\/wp\/v2\/tags?post=23336"}],"curies":[{"name":"wp","href":"https:\/\/api.w.org\/{rel}","templated":true}]}}