{"id":23331,"date":"2019-10-11T21:57:00","date_gmt":"2019-10-11T21:57:00","guid":{"rendered":"https:\/\/armstrongyregion.com.ar\/diario\/?p=23331"},"modified":"2019-10-11T21:57:00","modified_gmt":"2019-10-11T21:57:00","slug":"armstrong-comenzaron-trabajos-en-plaza-san-martin","status":"publish","type":"post","link":"https:\/\/armstrongyregion.com.ar\/diario\/armstrong-comenzaron-trabajos-en-plaza-san-martin\/","title":{"rendered":"Armstrong. Comenzaron trabajos en Plaza San Martin."},"content":{"rendered":"<p><a href=\"http:\/\/armstrongyregion.com.ar\/diario\/wp-content\/uploads\/2019\/10\/foto_plaza_2.jpg\"><img loading=\"lazy\" decoding=\"async\" src=\"http:\/\/armstrongyregion.com.ar\/diario\/wp-content\/uploads\/2019\/10\/foto_plaza_2.jpg\" alt=\"foto_plaza_2\" width=\"768\" height=\"432\" class=\"alignnone size-full wp-image-23332\" srcset=\"https:\/\/armstrongyregion.com.ar\/diario\/wp-content\/uploads\/2019\/10\/foto_plaza_2.jpg 768w, https:\/\/armstrongyregion.com.ar\/diario\/wp-content\/uploads\/2019\/10\/foto_plaza_2-300x169.jpg 300w\" sizes=\"auto, (max-width: 768px) 100vw, 768px\" \/><\/a>La Municipalidad de Armstrong lleva adelante trabajos en plaza San Mart\u00edn referidos a desag\u00fces, limpieza del lago y acondicionamiento del ba\u00f1o p\u00fablico contiguo a la boleter\u00eda de venta de pasajes.<\/p>\n<p><a href=\"http:\/\/armstrongyregion.com.ar\/diario\/wp-content\/uploads\/2019\/10\/ba\u00f1o_plaza.jpg\"><img loading=\"lazy\" decoding=\"async\" src=\"http:\/\/armstrongyregion.com.ar\/diario\/wp-content\/uploads\/2019\/10\/ba\u00f1o_plaza-576x1024.jpg\" alt=\"ba\u00f1o_plaza\" width=\"576\" height=\"1024\" class=\"alignnone size-large wp-image-23333\" srcset=\"https:\/\/armstrongyregion.com.ar\/diario\/wp-content\/uploads\/2019\/10\/ba\u00f1o_plaza-576x1024.jpg 576w, https:\/\/armstrongyregion.com.ar\/diario\/wp-content\/uploads\/2019\/10\/ba\u00f1o_plaza-169x300.jpg 169w, https:\/\/armstrongyregion.com.ar\/diario\/wp-content\/uploads\/2019\/10\/ba\u00f1o_plaza.jpg 581w\" sizes=\"auto, (max-width: 576px) 100vw, 576px\" \/><\/a>Con respecto a los desag\u00fces, los mismos rodean toda la plaza y, por el crecimiento de las ra\u00edces de los \u00e1rboles, se encontraban rotos. Por ello, se reacondiciona todo el sistema.<br \/>\n<a href=\"http:\/\/armstrongyregion.com.ar\/diario\/wp-content\/uploads\/2019\/10\/foto_plaza_3.jpg\"><img loading=\"lazy\" decoding=\"async\" src=\"http:\/\/armstrongyregion.com.ar\/diario\/wp-content\/uploads\/2019\/10\/foto_plaza_3.jpg\" alt=\"foto_plaza_3\" width=\"768\" height=\"432\" class=\"alignnone size-full wp-image-23334\" srcset=\"https:\/\/armstrongyregion.com.ar\/diario\/wp-content\/uploads\/2019\/10\/foto_plaza_3.jpg 768w, https:\/\/armstrongyregion.com.ar\/diario\/wp-content\/uploads\/2019\/10\/foto_plaza_3-300x169.jpg 300w\" sizes=\"auto, (max-width: 768px) 100vw, 768px\" \/><\/a>En cuanto a la limpieza del lago, se solicita a la ciudadan\u00eda colaborar con el mantenimiento del mismo sin arrojar residuos de ning\u00fan tipo. All\u00ed se encuentran algunos peces y otras especies. Por esto es importante no contaminarlo, ya que es patrimonio de todos los armstronenses y cuidado del medio ambiente, quedando totalmente prohibido ingresar al agua, ya que este lago artificial cuenta con un sistema de bombeo e iluminaci\u00f3n, lo que representa un riesgo.<br \/>\nEn el ba\u00f1o que se encuentra en este espacio p\u00fablico se realiza el reacondicionamiento con el cambio de sanitarios y abertura, para que puedan utilizarlo quienes concurren a la plaza a lo largo de toda la semana.<\/p>\n","protected":false},"excerpt":{"rendered":"<p>La Municipalidad de Armstrong lleva adelante trabajos en plaza San Mart\u00edn referidos a desag\u00fces, limpieza del lago y acondicionamiento del ba\u00f1o p\u00fablico contiguo a la boleter\u00eda de venta de pasajes. Con respecto a los desag\u00fces, los mismos rodean toda la plaza y, por el crecimiento de las ra\u00edces de los \u00e1rboles, se encontraban rotos. Por <a href=\"https:\/\/armstrongyregion.com.ar\/diario\/armstrong-comenzaron-trabajos-en-plaza-san-martin\/\" title=\"Read more\" >&#8230;<\/a><\/p>\n","protected":false},"author":1,"featured_media":23332,"comment_status":"open","ping_status":"open","sticky":false,"template":"","format":"standard","meta":{"_jetpack_memberships_contains_paid_content":false,"footnotes":"","jetpack_publicize_message":"","jetpack_publicize_feature_enabled":true,"jetpack_social_post_already_shared":false,"jetpack_social_options":{"image_generator_settings":{"template":"highway","default_image_id":0,"enabled":false},"version":2}},"categories":[8,1,2,3],"tags":[8420],"class_list":["post-23331","post","type-post","status-publish","format-standard","has-post-thumbnail","hentry","category-deliberando","category-diario-armstrong","category-locales","category-region","tag-armstrong-comenzaron-trabajos-en-plaza-san-martin"],"jetpack_publicize_connections":[],"jetpack_featured_media_url":"https:\/\/armstrongyregion.com.ar\/diario\/wp-content\/uploads\/2019\/10\/foto_plaza_2.jpg","jetpack_shortlink":"https:\/\/wp.me\/p62QDO-64j","jetpack_sharing_enabled":true,"amp_enabled":true,"_links":{"self":[{"href":"https:\/\/armstrongyregion.com.ar\/diario\/wp-json\/wp\/v2\/posts\/23331","targetHints":{"allow":["GET"]}}],"collection":[{"href":"https:\/\/armstrongyregion.com.ar\/diario\/wp-json\/wp\/v2\/posts"}],"about":[{"href":"https:\/\/armstrongyregion.com.ar\/diario\/wp-json\/wp\/v2\/types\/post"}],"author":[{"embeddable":true,"href":"https:\/\/armstrongyregion.com.ar\/diario\/wp-json\/wp\/v2\/users\/1"}],"replies":[{"embeddable":true,"href":"https:\/\/armstrongyregion.com.ar\/diario\/wp-json\/wp\/v2\/comments?post=23331"}],"version-history":[{"count":0,"href":"https:\/\/armstrongyregion.com.ar\/diario\/wp-json\/wp\/v2\/posts\/23331\/revisions"}],"wp:featuredmedia":[{"embeddable":true,"href":"https:\/\/armstrongyregion.com.ar\/diario\/wp-json\/wp\/v2\/media\/23332"}],"wp:attachment":[{"href":"https:\/\/armstrongyregion.com.ar\/diario\/wp-json\/wp\/v2\/media?parent=23331"}],"wp:term":[{"taxonomy":"category","embeddable":true,"href":"https:\/\/armstrongyregion.com.ar\/diario\/wp-json\/wp\/v2\/categories?post=23331"},{"taxonomy":"post_tag","embeddable":true,"href":"https:\/\/armstrongyregion.com.ar\/diario\/wp-json\/wp\/v2\/tags?post=23331"}],"curies":[{"name":"wp","href":"https:\/\/api.w.org\/{rel}","templated":true}]}}