{"id":2332,"date":"2015-05-26T00:08:01","date_gmt":"2015-05-26T00:08:01","guid":{"rendered":"https:\/\/armstrongyregion.com.ar\/diario\/?p=2332"},"modified":"2015-05-26T00:57:46","modified_gmt":"2015-05-26T00:57:46","slug":"armstrong-se-realizo-el-acto-del-25-de-mayo","status":"publish","type":"post","link":"https:\/\/armstrongyregion.com.ar\/diario\/armstrong-se-realizo-el-acto-del-25-de-mayo\/","title":{"rendered":"Armstrong. Se realiz\u00f3 el acto del 25 de mayo."},"content":{"rendered":"<p><a href=\"http:\/\/armstrongyregion.com.ar\/diario\/wp-content\/uploads\/2015\/05\/IMG-20150525-WA0026.jpg\"><img loading=\"lazy\" decoding=\"async\" src=\"http:\/\/armstrongyregion.com.ar\/diario\/wp-content\/uploads\/2015\/05\/IMG-20150525-WA0026-300x225.jpg\" alt=\"25 de mayo armstrong\" width=\"300\" height=\"225\" class=\"alignnone size-medium wp-image-2333\" srcset=\"https:\/\/armstrongyregion.com.ar\/diario\/wp-content\/uploads\/2015\/05\/IMG-20150525-WA0026-300x225.jpg 300w, https:\/\/armstrongyregion.com.ar\/diario\/wp-content\/uploads\/2015\/05\/IMG-20150525-WA0026-1024x768.jpg 1024w, https:\/\/armstrongyregion.com.ar\/diario\/wp-content\/uploads\/2015\/05\/IMG-20150525-WA0026.jpg 1280w\" sizes=\"auto, (max-width: 300px) 100vw, 300px\" \/><\/a>A partir de las 14:30 hs. Del lunes  25 de mayo en plaza Gral. San Mart\u00edn se llev\u00f3 a cabo el acto para conmemorar el 205\u00ba aniversario de la Revoluci\u00f3n de Mayo, organizado por la Secretar\u00eda de Educaci\u00f3n, Cultura y Deporte municipal y las escuelas 600 Manuel Belgrano  y la Esc. De Comercio N\u00ba 51  Dr. Manuel Belgrano.<br \/>\nEl mismo fue encabezado por el Intendente Dr. Pablo Verdecchia, y se cont\u00f3 con la presencia de concejales, funcionarios municipales, representantes de las fuerzas de seguridad, instituciones educativas, deportivas, gremiales, civiles, medios de comunicaci\u00f3n y p\u00fablico en general.<br \/>\nM\u00e1s tarde, hizo uso de la palabra el Dr. Verdecchia quien, en un fragmento de su discurso dijo:\u201dLa patria sos vos, soy yo, somos todos\u2026 todos los que quieren, sienten y eligen vivir en este suelo libre. Todos los que quisieron, so\u00f1aron e hicieron realidad en el cabildo La Libertad. Libertad que no es un instrumento pol\u00edtico, sino una forma de vida. Es la posibilidad de elegir, de obrar, de actuar conforme a los que se siente. Es un valor permanente que debe renacer en cada uno de nuestros actos y no s\u00f3lo recordarlo en cada fecha patria\u201d.<br \/>\nAlumnos de las escuelas organizadoras ofrecieron distintos n\u00fameros art\u00edsticos.<\/p>\n","protected":false},"excerpt":{"rendered":"<p>A partir de las 14:30 hs. Del lunes 25 de mayo en plaza Gral. San Mart\u00edn se llev\u00f3 a cabo el acto para conmemorar el 205\u00ba aniversario de la Revoluci\u00f3n de Mayo, organizado por la Secretar\u00eda de Educaci\u00f3n, Cultura y Deporte municipal y las escuelas 600 Manuel Belgrano y la Esc. De Comercio N\u00ba 51 <a href=\"https:\/\/armstrongyregion.com.ar\/diario\/armstrong-se-realizo-el-acto-del-25-de-mayo\/\" title=\"Read more\" >&#8230;<\/a><\/p>\n","protected":false},"author":2,"featured_media":2333,"comment_status":"open","ping_status":"open","sticky":false,"template":"","format":"standard","meta":{"_jetpack_memberships_contains_paid_content":false,"footnotes":"","jetpack_publicize_message":"","jetpack_publicize_feature_enabled":true,"jetpack_social_post_already_shared":false,"jetpack_social_options":{"image_generator_settings":{"template":"highway","default_image_id":0,"enabled":false},"version":2}},"categories":[1,2],"tags":[1727,1212,20,19,53,16,1449,87,86],"class_list":["post-2332","post","type-post","status-publish","format-standard","has-post-thumbnail","hentry","category-diario-armstrong","category-locales","tag-1727","tag-acto","tag-armstrong","tag-de","tag-del","tag-el","tag-mayo","tag-realizo","tag-se"],"jetpack_publicize_connections":[],"jetpack_featured_media_url":"https:\/\/armstrongyregion.com.ar\/diario\/wp-content\/uploads\/2015\/05\/IMG-20150525-WA0026.jpg","jetpack_shortlink":"https:\/\/wp.me\/p62QDO-BC","jetpack_sharing_enabled":true,"amp_enabled":true,"_links":{"self":[{"href":"https:\/\/armstrongyregion.com.ar\/diario\/wp-json\/wp\/v2\/posts\/2332","targetHints":{"allow":["GET"]}}],"collection":[{"href":"https:\/\/armstrongyregion.com.ar\/diario\/wp-json\/wp\/v2\/posts"}],"about":[{"href":"https:\/\/armstrongyregion.com.ar\/diario\/wp-json\/wp\/v2\/types\/post"}],"author":[{"embeddable":true,"href":"https:\/\/armstrongyregion.com.ar\/diario\/wp-json\/wp\/v2\/users\/2"}],"replies":[{"embeddable":true,"href":"https:\/\/armstrongyregion.com.ar\/diario\/wp-json\/wp\/v2\/comments?post=2332"}],"version-history":[{"count":0,"href":"https:\/\/armstrongyregion.com.ar\/diario\/wp-json\/wp\/v2\/posts\/2332\/revisions"}],"wp:featuredmedia":[{"embeddable":true,"href":"https:\/\/armstrongyregion.com.ar\/diario\/wp-json\/wp\/v2\/media\/2333"}],"wp:attachment":[{"href":"https:\/\/armstrongyregion.com.ar\/diario\/wp-json\/wp\/v2\/media?parent=2332"}],"wp:term":[{"taxonomy":"category","embeddable":true,"href":"https:\/\/armstrongyregion.com.ar\/diario\/wp-json\/wp\/v2\/categories?post=2332"},{"taxonomy":"post_tag","embeddable":true,"href":"https:\/\/armstrongyregion.com.ar\/diario\/wp-json\/wp\/v2\/tags?post=2332"}],"curies":[{"name":"wp","href":"https:\/\/api.w.org\/{rel}","templated":true}]}}