{"id":23300,"date":"2019-10-08T13:57:15","date_gmt":"2019-10-08T13:57:15","guid":{"rendered":"https:\/\/armstrongyregion.com.ar\/diario\/?p=23300"},"modified":"2019-10-08T13:57:15","modified_gmt":"2019-10-08T13:57:15","slug":"clerici-inauguro-la-nueva-terminal-canadense","status":"publish","type":"post","link":"https:\/\/armstrongyregion.com.ar\/diario\/clerici-inauguro-la-nueva-terminal-canadense\/","title":{"rendered":"Cl\u00e9rici inaugur\u00f3 la nueva terminal ca\u00f1adense."},"content":{"rendered":"<p><a href=\"http:\/\/armstrongyregion.com.ar\/diario\/wp-content\/uploads\/2019\/10\/Clerici-terminal-.jpg\"><img loading=\"lazy\" decoding=\"async\" src=\"http:\/\/armstrongyregion.com.ar\/diario\/wp-content\/uploads\/2019\/10\/Clerici-terminal-.jpg\" alt=\"Clerici-terminal-\" width=\"768\" height=\"512\" class=\"alignnone size-full wp-image-23301\" srcset=\"https:\/\/armstrongyregion.com.ar\/diario\/wp-content\/uploads\/2019\/10\/Clerici-terminal-.jpg 768w, https:\/\/armstrongyregion.com.ar\/diario\/wp-content\/uploads\/2019\/10\/Clerici-terminal--300x200.jpg 300w\" sizes=\"auto, (max-width: 768px) 100vw, 768px\" \/><\/a>Fue acompa\u00f1ada por su equipo de trabajo y del acto participaron vecinos, proveedores, instituciones y profesionales a cargo de la ejecuci\u00f3n obra, luego de dos a\u00f1os de trabajo y una inversi\u00f3n con recursos propios del municipio y sin endeudamiento de casi 30 millones de pesos.<\/p>\n<p>La intendenta Stella Cl\u00e9rici en un emotivo acto inaugur\u00f3 junto a su equipo de trabajo la nueva terminal de \u00f3mnibus de la ciudad, acompa\u00f1ada de vecinos, proveedores, instituciones, alumnas de taller de mosaiquismo que hicieron el mural interior y profesionales a cargo de la ejecuci\u00f3n obra.<br \/>\nA partir de un trabajo de dos a\u00f1os desde que se concret\u00f3 el dise\u00f1o en un workshop con el Colegio de Arquitectos se hizo realidad esta hist\u00f3rica obra con una inversi\u00f3n cercana a los treinta millones de pesos, con recursos propios del municipio, sin endeudamiento  y cerca de cuarenta proveedores de la ciudad y la regi\u00f3n. De esta manera, la nueva terminal de la ciudad con un dise\u00f1o moderno y funcional, prestar\u00e1 un mejor servicio a los usuarios del transporte interurbano de pasajeros.  \u201cHicimos muchas obras importantes pero esta es importante y hermosa y se logr\u00f3 a partir del consenso, con un trabajo en equipo, a partir de un presupuesto cuidado, con recursos propios y sin endeudamiento\u201d, expres\u00f3 Cl\u00e9rici.<br \/>\n\u201cEs un d\u00eda hist\u00f3rico para los ca\u00f1adenses y me llena de emoci\u00f3n haber concretado esta obra y poder compartirla junto a toda la ciudad, brindado un mejor servicio a los usuarios del transporte interurbano\u201d, concluy\u00f3.<\/p>\n","protected":false},"excerpt":{"rendered":"<p>Fue acompa\u00f1ada por su equipo de trabajo y del acto participaron vecinos, proveedores, instituciones y profesionales a cargo de la ejecuci\u00f3n obra, luego de dos a\u00f1os de trabajo y una inversi\u00f3n con recursos propios del municipio y sin endeudamiento de casi 30 millones de pesos. La intendenta Stella Cl\u00e9rici en un emotivo acto inaugur\u00f3 junto <a href=\"https:\/\/armstrongyregion.com.ar\/diario\/clerici-inauguro-la-nueva-terminal-canadense\/\" title=\"Read more\" >&#8230;<\/a><\/p>\n","protected":false},"author":1,"featured_media":23301,"comment_status":"open","ping_status":"open","sticky":false,"template":"","format":"standard","meta":{"_jetpack_memberships_contains_paid_content":false,"footnotes":"","jetpack_publicize_message":"","jetpack_publicize_feature_enabled":true,"jetpack_social_post_already_shared":false,"jetpack_social_options":{"image_generator_settings":{"template":"highway","default_image_id":0,"enabled":false},"version":2}},"categories":[8,1,7,3],"tags":[8408],"class_list":["post-23300","post","type-post","status-publish","format-standard","has-post-thumbnail","hentry","category-deliberando","category-diario-armstrong","category-politica","category-region","tag-clerici-inauguro-la-nueva-terminal-canadense"],"jetpack_publicize_connections":[],"jetpack_featured_media_url":"https:\/\/armstrongyregion.com.ar\/diario\/wp-content\/uploads\/2019\/10\/Clerici-terminal-.jpg","jetpack_shortlink":"https:\/\/wp.me\/p62QDO-63O","jetpack_sharing_enabled":true,"amp_enabled":true,"_links":{"self":[{"href":"https:\/\/armstrongyregion.com.ar\/diario\/wp-json\/wp\/v2\/posts\/23300","targetHints":{"allow":["GET"]}}],"collection":[{"href":"https:\/\/armstrongyregion.com.ar\/diario\/wp-json\/wp\/v2\/posts"}],"about":[{"href":"https:\/\/armstrongyregion.com.ar\/diario\/wp-json\/wp\/v2\/types\/post"}],"author":[{"embeddable":true,"href":"https:\/\/armstrongyregion.com.ar\/diario\/wp-json\/wp\/v2\/users\/1"}],"replies":[{"embeddable":true,"href":"https:\/\/armstrongyregion.com.ar\/diario\/wp-json\/wp\/v2\/comments?post=23300"}],"version-history":[{"count":0,"href":"https:\/\/armstrongyregion.com.ar\/diario\/wp-json\/wp\/v2\/posts\/23300\/revisions"}],"wp:featuredmedia":[{"embeddable":true,"href":"https:\/\/armstrongyregion.com.ar\/diario\/wp-json\/wp\/v2\/media\/23301"}],"wp:attachment":[{"href":"https:\/\/armstrongyregion.com.ar\/diario\/wp-json\/wp\/v2\/media?parent=23300"}],"wp:term":[{"taxonomy":"category","embeddable":true,"href":"https:\/\/armstrongyregion.com.ar\/diario\/wp-json\/wp\/v2\/categories?post=23300"},{"taxonomy":"post_tag","embeddable":true,"href":"https:\/\/armstrongyregion.com.ar\/diario\/wp-json\/wp\/v2\/tags?post=23300"}],"curies":[{"name":"wp","href":"https:\/\/api.w.org\/{rel}","templated":true}]}}