{"id":2329,"date":"2015-05-26T00:02:43","date_gmt":"2015-05-26T00:02:43","guid":{"rendered":"https:\/\/armstrongyregion.com.ar\/diario\/?p=2329"},"modified":"2015-05-26T00:02:43","modified_gmt":"2015-05-26T00:02:43","slug":"canada-de-gomez-clerici-encabezo-el-acto-del-25-de-mayo","status":"publish","type":"post","link":"https:\/\/armstrongyregion.com.ar\/diario\/canada-de-gomez-clerici-encabezo-el-acto-del-25-de-mayo\/","title":{"rendered":"Ca\u00f1ada de G\u00f3mez. Cl\u00e9rici encabez\u00f3 el acto del 25 de mayo."},"content":{"rendered":"<p><a href=\"http:\/\/armstrongyregion.com.ar\/diario\/wp-content\/uploads\/2015\/05\/25demayo.jpg\"><img loading=\"lazy\" decoding=\"async\" src=\"http:\/\/armstrongyregion.com.ar\/diario\/wp-content\/uploads\/2015\/05\/25demayo-300x200.jpg\" alt=\"25demayo\" width=\"300\" height=\"200\" class=\"alignnone size-medium wp-image-2330\" srcset=\"https:\/\/armstrongyregion.com.ar\/diario\/wp-content\/uploads\/2015\/05\/25demayo-300x200.jpg 300w, https:\/\/armstrongyregion.com.ar\/diario\/wp-content\/uploads\/2015\/05\/25demayo.jpg 960w\" sizes=\"auto, (max-width: 300px) 100vw, 300px\" \/><\/a>La celebraci\u00f3n por el 205\u00ba aniversario de la Revoluci\u00f3n de Mayo se desarroll\u00f3 en Plaza de Colectividades,junto a alumnos de escuelas y<br \/>\nrepresentantes de instituciones, con la imponente r\u00e9plica del Cabildo de fondo .<\/p>\n<p>La intendenta Stella Cl\u00e9rici encabez\u00f3 el acto por el 205\u00ba aniversario de la Revoluci\u00f3n de Mayo en Plaza de Colectividades, con la imponente<br \/>\nr\u00e9plica del Cabildo de fondo, creada con mucho amor y trabajo por artistas de la ciudad.<br \/>\nDe la celebraci\u00f3n participaron alumnos de escuelas y representantes de instituciones junto al equipo de gobierno municipal. \u201cCelebremos en esta<br \/>\nfecha los valores que forjaron los H\u00e9roes de Mayo y este emblem\u00e1tico s\u00edmbolo nos recuerde todos los d\u00edas su invaluable gesta\u201d, expres\u00f3 la<br \/>\nintendenta.<br \/>\nLuego de las palabras de los discursos protocolares y la presentaci\u00f3n de cuerpos de baile, se sirvi\u00f3 el tradicional chocolate caliente. En<br \/>\neste marco con la r\u00e9plica del Cabildo las familias se acercaron para tornarse fotograf\u00edas y disfrutar de este espacio de todos los<br \/>\nca\u00f1adenses.<\/p>\n","protected":false},"excerpt":{"rendered":"<p>La celebraci\u00f3n por el 205\u00ba aniversario de la Revoluci\u00f3n de Mayo se desarroll\u00f3 en Plaza de Colectividades,junto a alumnos de escuelas y representantes de instituciones, con la imponente r\u00e9plica del Cabildo de fondo . La intendenta Stella Cl\u00e9rici encabez\u00f3 el acto por el 205\u00ba aniversario de la Revoluci\u00f3n de Mayo en Plaza de Colectividades, con <a href=\"https:\/\/armstrongyregion.com.ar\/diario\/canada-de-gomez-clerici-encabezo-el-acto-del-25-de-mayo\/\" title=\"Read more\" >&#8230;<\/a><\/p>\n","protected":false},"author":2,"featured_media":2330,"comment_status":"open","ping_status":"open","sticky":false,"template":"","format":"standard","meta":{"_jetpack_memberships_contains_paid_content":false,"footnotes":"","jetpack_publicize_message":"","jetpack_publicize_feature_enabled":true,"jetpack_social_post_already_shared":false,"jetpack_social_options":{"image_generator_settings":{"template":"highway","default_image_id":0,"enabled":false},"version":2}},"categories":[1,3],"tags":[1727,1212,163,83,19,53,16,1810,164,1449],"class_list":["post-2329","post","type-post","status-publish","format-standard","has-post-thumbnail","hentry","category-diario-armstrong","category-region","tag-1727","tag-acto","tag-canada","tag-clerici","tag-de","tag-del","tag-el","tag-encabezo","tag-gomez","tag-mayo"],"jetpack_publicize_connections":[],"jetpack_featured_media_url":"https:\/\/armstrongyregion.com.ar\/diario\/wp-content\/uploads\/2015\/05\/25demayo.jpg","jetpack_shortlink":"https:\/\/wp.me\/p62QDO-Bz","jetpack_sharing_enabled":true,"amp_enabled":true,"_links":{"self":[{"href":"https:\/\/armstrongyregion.com.ar\/diario\/wp-json\/wp\/v2\/posts\/2329","targetHints":{"allow":["GET"]}}],"collection":[{"href":"https:\/\/armstrongyregion.com.ar\/diario\/wp-json\/wp\/v2\/posts"}],"about":[{"href":"https:\/\/armstrongyregion.com.ar\/diario\/wp-json\/wp\/v2\/types\/post"}],"author":[{"embeddable":true,"href":"https:\/\/armstrongyregion.com.ar\/diario\/wp-json\/wp\/v2\/users\/2"}],"replies":[{"embeddable":true,"href":"https:\/\/armstrongyregion.com.ar\/diario\/wp-json\/wp\/v2\/comments?post=2329"}],"version-history":[{"count":0,"href":"https:\/\/armstrongyregion.com.ar\/diario\/wp-json\/wp\/v2\/posts\/2329\/revisions"}],"wp:featuredmedia":[{"embeddable":true,"href":"https:\/\/armstrongyregion.com.ar\/diario\/wp-json\/wp\/v2\/media\/2330"}],"wp:attachment":[{"href":"https:\/\/armstrongyregion.com.ar\/diario\/wp-json\/wp\/v2\/media?parent=2329"}],"wp:term":[{"taxonomy":"category","embeddable":true,"href":"https:\/\/armstrongyregion.com.ar\/diario\/wp-json\/wp\/v2\/categories?post=2329"},{"taxonomy":"post_tag","embeddable":true,"href":"https:\/\/armstrongyregion.com.ar\/diario\/wp-json\/wp\/v2\/tags?post=2329"}],"curies":[{"name":"wp","href":"https:\/\/api.w.org\/{rel}","templated":true}]}}