{"id":2326,"date":"2015-05-25T15:19:09","date_gmt":"2015-05-25T15:19:09","guid":{"rendered":"https:\/\/armstrongyregion.com.ar\/diario\/?p=2326"},"modified":"2015-05-26T00:11:16","modified_gmt":"2015-05-26T00:11:16","slug":"proximamente-tarambi-nueva-residencia-para-la-tercera-edad-en-armstrong","status":"publish","type":"post","link":"https:\/\/armstrongyregion.com.ar\/diario\/proximamente-tarambi-nueva-residencia-para-la-tercera-edad-en-armstrong\/","title":{"rendered":"Pr\u00f3ximamente \u201cTA\u00b4AROMBI\u201d nueva residencia para la tercera edad en Armstrong."},"content":{"rendered":"<p><a href=\"http:\/\/armstrongyregion.com.ar\/diario\/wp-content\/uploads\/2015\/05\/Still0525_00001.jpg\"><img loading=\"lazy\" decoding=\"async\" src=\"http:\/\/armstrongyregion.com.ar\/diario\/wp-content\/uploads\/2015\/05\/Still0525_00001-300x168.jpg\" alt=\"Anal\u00eda Areco Armstrong\" width=\"300\" height=\"168\" class=\"alignnone size-medium wp-image-2327\" srcset=\"https:\/\/armstrongyregion.com.ar\/diario\/wp-content\/uploads\/2015\/05\/Still0525_00001-300x168.jpg 300w, https:\/\/armstrongyregion.com.ar\/diario\/wp-content\/uploads\/2015\/05\/Still0525_00001-1024x576.jpg 1024w, https:\/\/armstrongyregion.com.ar\/diario\/wp-content\/uploads\/2015\/05\/Still0525_00001.jpg 1920w\" sizes=\"auto, (max-width: 300px) 100vw, 300px\" \/><\/a>Pr\u00f3ximamente, abrir\u00e1 sus puertas la Residencia Geri\u00e1trica \u201cTa\u00b4aromb\u00ed\u201d,  centro especializado en la atenci\u00f3n de aquellas personas que requieren cuidado, dedicaci\u00f3n y atenci\u00f3n para una tercera edad saludable y activa.<br \/>\nSus coordinadoras,  Anal\u00eda Areco y Mar\u00eda del Rosario Aurelli expresaban que este centro adem\u00e1s de ser una necesidad de la regi\u00f3n tambi\u00e9n en un proyecto que vienen trabajando desde hace varios a\u00f1os y hoy est\u00e1n cerca de concretar un sue\u00f1o en lo personal  y sin duda de apoyo  a la comunidad.<br \/>\nEn Residencia Ta\u00b4aromb\u00ed, \u201c contaremos con personal altamente calificado para la atenci\u00f3n y cuidado de las personas mayores\u201d, mencionaba Areco.<br \/>\nMar\u00eda del Rosario Aurelli expresaba que, \u201cLa residencia cuenta con habitaciones c\u00f3modas, servicio de asistencia m\u00e9dica y psicol\u00f3gica, adem\u00e1s de una cocina saludable, en manos de una nutricionista\u201d.<br \/>\n\u201cNuestra filosof\u00eda est\u00e1 basada en propiciar la estancia de los residentes acerc\u00e1ndoles la calidez de un hogar\u201d, coincidieron ambas.<br \/>\nFuente, \u201c\u201dPrevenci\u00f3n y Salud. Programa Estreno lunes 25 de mayo, 13,30hs.<br \/>\nReiteraciones, Jueves 21hs y s\u00e1bados 12,30hs.<\/p>\n","protected":false},"excerpt":{"rendered":"<p>Pr\u00f3ximamente, abrir\u00e1 sus puertas la Residencia Geri\u00e1trica \u201cTa\u00b4aromb\u00ed\u201d, centro especializado en la atenci\u00f3n de aquellas personas que requieren cuidado, dedicaci\u00f3n y atenci\u00f3n para una tercera edad saludable y activa. Sus coordinadoras, Anal\u00eda Areco y Mar\u00eda del Rosario Aurelli expresaban que este centro adem\u00e1s de ser una necesidad de la regi\u00f3n tambi\u00e9n en un proyecto que <a href=\"https:\/\/armstrongyregion.com.ar\/diario\/proximamente-tarambi-nueva-residencia-para-la-tercera-edad-en-armstrong\/\" title=\"Read more\" >&#8230;<\/a><\/p>\n","protected":false},"author":2,"featured_media":2327,"comment_status":"open","ping_status":"open","sticky":false,"template":"","format":"standard","meta":{"_jetpack_memberships_contains_paid_content":false,"footnotes":"","jetpack_publicize_message":"","jetpack_publicize_feature_enabled":true,"jetpack_social_post_already_shared":false,"jetpack_social_options":{"image_generator_settings":{"template":"highway","default_image_id":0,"enabled":false},"version":2}},"categories":[1,2,4],"tags":[20,296,15,31,275,81,1806,1808,1807,1809],"class_list":["post-2326","post","type-post","status-publish","format-standard","has-post-thumbnail","hentry","category-diario-armstrong","category-locales","category-prevencion-salud","tag-armstrong","tag-edad","tag-en","tag-la","tag-nueva","tag-para","tag-proximamente","tag-residencia","tag-tarambi","tag-tercera"],"jetpack_publicize_connections":[],"jetpack_featured_media_url":"https:\/\/armstrongyregion.com.ar\/diario\/wp-content\/uploads\/2015\/05\/Still0525_00001.jpg","jetpack_shortlink":"https:\/\/wp.me\/p62QDO-Bw","jetpack_sharing_enabled":true,"amp_enabled":true,"_links":{"self":[{"href":"https:\/\/armstrongyregion.com.ar\/diario\/wp-json\/wp\/v2\/posts\/2326","targetHints":{"allow":["GET"]}}],"collection":[{"href":"https:\/\/armstrongyregion.com.ar\/diario\/wp-json\/wp\/v2\/posts"}],"about":[{"href":"https:\/\/armstrongyregion.com.ar\/diario\/wp-json\/wp\/v2\/types\/post"}],"author":[{"embeddable":true,"href":"https:\/\/armstrongyregion.com.ar\/diario\/wp-json\/wp\/v2\/users\/2"}],"replies":[{"embeddable":true,"href":"https:\/\/armstrongyregion.com.ar\/diario\/wp-json\/wp\/v2\/comments?post=2326"}],"version-history":[{"count":0,"href":"https:\/\/armstrongyregion.com.ar\/diario\/wp-json\/wp\/v2\/posts\/2326\/revisions"}],"wp:featuredmedia":[{"embeddable":true,"href":"https:\/\/armstrongyregion.com.ar\/diario\/wp-json\/wp\/v2\/media\/2327"}],"wp:attachment":[{"href":"https:\/\/armstrongyregion.com.ar\/diario\/wp-json\/wp\/v2\/media?parent=2326"}],"wp:term":[{"taxonomy":"category","embeddable":true,"href":"https:\/\/armstrongyregion.com.ar\/diario\/wp-json\/wp\/v2\/categories?post=2326"},{"taxonomy":"post_tag","embeddable":true,"href":"https:\/\/armstrongyregion.com.ar\/diario\/wp-json\/wp\/v2\/tags?post=2326"}],"curies":[{"name":"wp","href":"https:\/\/api.w.org\/{rel}","templated":true}]}}