{"id":23256,"date":"2019-10-04T11:24:26","date_gmt":"2019-10-04T11:24:26","guid":{"rendered":"https:\/\/armstrongyregion.com.ar\/diario\/?p=23256"},"modified":"2019-10-04T11:24:26","modified_gmt":"2019-10-04T11:24:26","slug":"primavera-invernal-en-armstrong-y-la-region","status":"publish","type":"post","link":"https:\/\/armstrongyregion.com.ar\/diario\/primavera-invernal-en-armstrong-y-la-region\/","title":{"rendered":"Primavera invernal en Armstrong y la Regi\u00f3n."},"content":{"rendered":"<p><a href=\"http:\/\/armstrongyregion.com.ar\/diario\/wp-content\/uploads\/2016\/09\/Alerta-.jpg\"><img loading=\"lazy\" decoding=\"async\" src=\"http:\/\/armstrongyregion.com.ar\/diario\/wp-content\/uploads\/2016\/09\/Alerta-.jpg\" alt=\"alerta\" width=\"768\" height=\"437\" class=\"alignnone size-full wp-image-9562\" srcset=\"https:\/\/armstrongyregion.com.ar\/diario\/wp-content\/uploads\/2016\/09\/Alerta-.jpg 768w, https:\/\/armstrongyregion.com.ar\/diario\/wp-content\/uploads\/2016\/09\/Alerta--300x171.jpg 300w\" sizes=\"auto, (max-width: 768px) 100vw, 768px\" \/><\/a> El pron\u00f3stico anuncia lluvias aisladas para todo el d\u00eda.<br \/>\nEl informe del Servicio Meteorol\u00f3gico Nacional (SMN) indica para hoy lloviznas y luego, la posibilidad de lluvias aisladas para el resto de la jornada. El viento sigue dando la nota: temprano viene del este pero ir\u00e1 rotando hacia el sudeste con las horas.<\/p>\n<p>Parece un d\u00eda de invierno. Una docena de grados en la madrugada que ir\u00e1n subiendo pero no mucho. La temperatura m\u00e1xima prevista es de 16 grados.<\/p>\n","protected":false},"excerpt":{"rendered":"<p>El pron\u00f3stico anuncia lluvias aisladas para todo el d\u00eda. El informe del Servicio Meteorol\u00f3gico Nacional (SMN) indica para hoy lloviznas y luego, la posibilidad de lluvias aisladas para el resto de la jornada. El viento sigue dando la nota: temprano viene del este pero ir\u00e1 rotando hacia el sudeste con las horas. Parece un d\u00eda <a href=\"https:\/\/armstrongyregion.com.ar\/diario\/primavera-invernal-en-armstrong-y-la-region\/\" title=\"Read more\" >&#8230;<\/a><\/p>\n","protected":false},"author":1,"featured_media":9562,"comment_status":"open","ping_status":"open","sticky":false,"template":"","format":"standard","meta":{"_jetpack_memberships_contains_paid_content":false,"footnotes":"","jetpack_publicize_message":"","jetpack_publicize_feature_enabled":true,"jetpack_social_post_already_shared":false,"jetpack_social_options":{"image_generator_settings":{"template":"highway","default_image_id":0,"enabled":false},"version":2}},"categories":[8,1,2],"tags":[8393],"class_list":["post-23256","post","type-post","status-publish","format-standard","has-post-thumbnail","hentry","category-deliberando","category-diario-armstrong","category-locales","tag-primavera-invernal-en-armstrong-y-la-region"],"jetpack_publicize_connections":[],"jetpack_featured_media_url":"https:\/\/armstrongyregion.com.ar\/diario\/wp-content\/uploads\/2016\/09\/Alerta-.jpg","jetpack_shortlink":"https:\/\/wp.me\/p62QDO-636","jetpack_sharing_enabled":true,"amp_enabled":true,"_links":{"self":[{"href":"https:\/\/armstrongyregion.com.ar\/diario\/wp-json\/wp\/v2\/posts\/23256","targetHints":{"allow":["GET"]}}],"collection":[{"href":"https:\/\/armstrongyregion.com.ar\/diario\/wp-json\/wp\/v2\/posts"}],"about":[{"href":"https:\/\/armstrongyregion.com.ar\/diario\/wp-json\/wp\/v2\/types\/post"}],"author":[{"embeddable":true,"href":"https:\/\/armstrongyregion.com.ar\/diario\/wp-json\/wp\/v2\/users\/1"}],"replies":[{"embeddable":true,"href":"https:\/\/armstrongyregion.com.ar\/diario\/wp-json\/wp\/v2\/comments?post=23256"}],"version-history":[{"count":0,"href":"https:\/\/armstrongyregion.com.ar\/diario\/wp-json\/wp\/v2\/posts\/23256\/revisions"}],"wp:featuredmedia":[{"embeddable":true,"href":"https:\/\/armstrongyregion.com.ar\/diario\/wp-json\/wp\/v2\/media\/9562"}],"wp:attachment":[{"href":"https:\/\/armstrongyregion.com.ar\/diario\/wp-json\/wp\/v2\/media?parent=23256"}],"wp:term":[{"taxonomy":"category","embeddable":true,"href":"https:\/\/armstrongyregion.com.ar\/diario\/wp-json\/wp\/v2\/categories?post=23256"},{"taxonomy":"post_tag","embeddable":true,"href":"https:\/\/armstrongyregion.com.ar\/diario\/wp-json\/wp\/v2\/tags?post=23256"}],"curies":[{"name":"wp","href":"https:\/\/api.w.org\/{rel}","templated":true}]}}