{"id":23246,"date":"2019-10-03T12:29:03","date_gmt":"2019-10-03T12:29:03","guid":{"rendered":"https:\/\/armstrongyregion.com.ar\/diario\/?p=23246"},"modified":"2019-10-03T12:37:01","modified_gmt":"2019-10-03T12:37:01","slug":"armstrong-hernan-piquin-presentara-fuego-y-pasion-en-sala-iris-marga","status":"publish","type":"post","link":"https:\/\/armstrongyregion.com.ar\/diario\/armstrong-hernan-piquin-presentara-fuego-y-pasion-en-sala-iris-marga\/","title":{"rendered":"Armstrong. Hern\u00e1n Piqu\u00edn presentara \u00abFuego y Pasi\u00f3n\u00bb en Sala Iris Marga."},"content":{"rendered":"<p><a href=\"http:\/\/armstrongyregion.com.ar\/diario\/wp-content\/uploads\/2019\/10\/Hernan-Piquin-.jpg\"><img loading=\"lazy\" decoding=\"async\" src=\"http:\/\/armstrongyregion.com.ar\/diario\/wp-content\/uploads\/2019\/10\/Hernan-Piquin-.jpg\" alt=\"Hernan-Piquin-\" width=\"512\" height=\"500\" class=\"alignnone size-full wp-image-23247\" srcset=\"https:\/\/armstrongyregion.com.ar\/diario\/wp-content\/uploads\/2019\/10\/Hernan-Piquin-.jpg 512w, https:\/\/armstrongyregion.com.ar\/diario\/wp-content\/uploads\/2019\/10\/Hernan-Piquin--300x293.jpg 300w\" sizes=\"auto, (max-width: 512px) 100vw, 512px\" \/><\/a>El pr\u00f3ximo 11 de octubre, en la Sala Iris Marga se presentara Hernan Piqu\u00edn con \u201cFuego y Pasi\u00f3n\u201d.<br \/>\nEste,es un espect\u00e1culo que combina a lo largo de casi dos horas boleros y tangos emblem\u00e1ticos con la magia del flamenco. Los tres g\u00e9neros musicales dan fuerza, fuego y pasi\u00f3n se unen en un espect\u00e1culo original y distinto donde el arte de la danza es protagonista.<br \/>\nLa combinaci\u00f3n de la danza con la m\u00fasica unidas al vestuario, las luces y el sonido conforman una fusi\u00f3n de momentos inolvidables en un espect\u00e1culo donde se unen \u201cLa cumparsita\u201d con \u201cPenumbras\u201d; \u201cSi t\u00fa supieras\u201d y \u201cNostalgias\u201d con \u201cEl d\u00eda que me quieras\u201do \u201cB\u00e9same mucho\u201d, \u201cAlgo contigo\u201d, \u201cContigo aprend\u00ed\u201d y \u201cA mi manera\u201d con \u201cOrobroy\u201d, \u201cFuego fatuo\u201d y \u201cAlegr\u00edas\u201d, entre otros.<\/p>\n<p>Hern\u00e1n Piqu\u00edn deslumbrara en los escenarios del Argentina, Uruguay Paraguay, Chile y Bolivia junto a la primera bailarina Daiana Chorni, y seis bailarines destacados, ademas de la presencia de un gran bailar\u00edn que llega desde Espa\u00f1a, Agust\u00edn Barajas.<br \/>\nHern\u00e1n Piquin junto a sus artistas interpretar\u00e1n 26 temas musicales entre los que se cuentan los boleros, tangos y flamencos m\u00e1s importantes<br \/>\nAnticipadas: Secretar\u00eda del Club Norte.<\/p>\n","protected":false},"excerpt":{"rendered":"<p>El pr\u00f3ximo 11 de octubre, en la Sala Iris Marga se presentara Hernan Piqu\u00edn con \u201cFuego y Pasi\u00f3n\u201d. Este,es un espect\u00e1culo que combina a lo largo de casi dos horas boleros y tangos emblem\u00e1ticos con la magia del flamenco. Los tres g\u00e9neros musicales dan fuerza, fuego y pasi\u00f3n se unen en un espect\u00e1culo original y <a href=\"https:\/\/armstrongyregion.com.ar\/diario\/armstrong-hernan-piquin-presentara-fuego-y-pasion-en-sala-iris-marga\/\" title=\"Read more\" >&#8230;<\/a><\/p>\n","protected":false},"author":1,"featured_media":23247,"comment_status":"open","ping_status":"open","sticky":false,"template":"","format":"standard","meta":{"_jetpack_memberships_contains_paid_content":false,"footnotes":"","jetpack_publicize_message":"","jetpack_publicize_feature_enabled":true,"jetpack_social_post_already_shared":false,"jetpack_social_options":{"image_generator_settings":{"template":"highway","default_image_id":0,"enabled":false},"version":2}},"categories":[6,8,1,2],"tags":[],"class_list":["post-23246","post","type-post","status-publish","format-standard","has-post-thumbnail","hentry","category-cultura-entretenimiento","category-deliberando","category-diario-armstrong","category-locales"],"jetpack_publicize_connections":[],"jetpack_featured_media_url":"https:\/\/armstrongyregion.com.ar\/diario\/wp-content\/uploads\/2019\/10\/Hernan-Piquin-.jpg","jetpack_shortlink":"https:\/\/wp.me\/p62QDO-62W","jetpack_sharing_enabled":true,"amp_enabled":true,"_links":{"self":[{"href":"https:\/\/armstrongyregion.com.ar\/diario\/wp-json\/wp\/v2\/posts\/23246","targetHints":{"allow":["GET"]}}],"collection":[{"href":"https:\/\/armstrongyregion.com.ar\/diario\/wp-json\/wp\/v2\/posts"}],"about":[{"href":"https:\/\/armstrongyregion.com.ar\/diario\/wp-json\/wp\/v2\/types\/post"}],"author":[{"embeddable":true,"href":"https:\/\/armstrongyregion.com.ar\/diario\/wp-json\/wp\/v2\/users\/1"}],"replies":[{"embeddable":true,"href":"https:\/\/armstrongyregion.com.ar\/diario\/wp-json\/wp\/v2\/comments?post=23246"}],"version-history":[{"count":0,"href":"https:\/\/armstrongyregion.com.ar\/diario\/wp-json\/wp\/v2\/posts\/23246\/revisions"}],"wp:featuredmedia":[{"embeddable":true,"href":"https:\/\/armstrongyregion.com.ar\/diario\/wp-json\/wp\/v2\/media\/23247"}],"wp:attachment":[{"href":"https:\/\/armstrongyregion.com.ar\/diario\/wp-json\/wp\/v2\/media?parent=23246"}],"wp:term":[{"taxonomy":"category","embeddable":true,"href":"https:\/\/armstrongyregion.com.ar\/diario\/wp-json\/wp\/v2\/categories?post=23246"},{"taxonomy":"post_tag","embeddable":true,"href":"https:\/\/armstrongyregion.com.ar\/diario\/wp-json\/wp\/v2\/tags?post=23246"}],"curies":[{"name":"wp","href":"https:\/\/api.w.org\/{rel}","templated":true}]}}