{"id":23240,"date":"2019-10-03T11:53:14","date_gmt":"2019-10-03T11:53:14","guid":{"rendered":"https:\/\/armstrongyregion.com.ar\/diario\/?p=23240"},"modified":"2019-10-03T11:53:14","modified_gmt":"2019-10-03T11:53:14","slug":"correa-llega-la-pena-del-latinoamericano","status":"publish","type":"post","link":"https:\/\/armstrongyregion.com.ar\/diario\/correa-llega-la-pena-del-latinoamericano\/","title":{"rendered":"Correa. Llega la Pe\u00f1a del Latinoamericano."},"content":{"rendered":"<p>El pr\u00f3ximo viernes, desde las 21 hs., en el Galp\u00f3n del Polideportivo, la Comuna de Correa y su Concejo de Cultura y Educaci\u00f3n organizan la primer Pe\u00f1a del Latinoamericano, con la presentaci\u00f3n de artistas locales e internacionales.<\/p>\n<p>La propuesta se lleva a cabo en el marco del proyecto \u201cSonamos Latinoam\u00e9rica\u201d y contar\u00e1 con el espect\u00e1culo de Guitarpa Duo de Venezuela, el D\u00fao Manzanares de Chile, Carga Pesada, Gonzalo Codaro, Facundo Arcec, Huellas Criollas, Pe\u00f1a El Amanecer, Compa\u00f1\u00eda Alma Argentina, y Alberto Bragalenti y Mariano Moyano.  <\/p>\n<p>Servicio de cantina. Entrada libre y gratuita.<\/p>\n","protected":false},"excerpt":{"rendered":"<p>El pr\u00f3ximo viernes, desde las 21 hs., en el Galp\u00f3n del Polideportivo, la Comuna de Correa y su Concejo de Cultura y Educaci\u00f3n organizan la primer Pe\u00f1a del Latinoamericano, con la presentaci\u00f3n de artistas locales e internacionales. La propuesta se lleva a cabo en el marco del proyecto \u201cSonamos Latinoam\u00e9rica\u201d y contar\u00e1 con el espect\u00e1culo <a href=\"https:\/\/armstrongyregion.com.ar\/diario\/correa-llega-la-pena-del-latinoamericano\/\" title=\"Read more\" >&#8230;<\/a><\/p>\n","protected":false},"author":1,"featured_media":23241,"comment_status":"open","ping_status":"open","sticky":false,"template":"","format":"standard","meta":{"_jetpack_memberships_contains_paid_content":false,"footnotes":"","jetpack_publicize_message":"","jetpack_publicize_feature_enabled":true,"jetpack_social_post_already_shared":false,"jetpack_social_options":{"image_generator_settings":{"template":"highway","default_image_id":0,"enabled":false},"version":2}},"categories":[6,8,1,3],"tags":[8389],"class_list":["post-23240","post","type-post","status-publish","format-standard","has-post-thumbnail","hentry","category-cultura-entretenimiento","category-deliberando","category-diario-armstrong","category-region","tag-llega-la-pena-del-latinoamericano"],"jetpack_publicize_connections":[],"jetpack_featured_media_url":"https:\/\/armstrongyregion.com.ar\/diario\/wp-content\/uploads\/2019\/10\/La-Pe\u00f1a-del-Latinoamericano.jpg","jetpack_shortlink":"https:\/\/wp.me\/p62QDO-62Q","jetpack_sharing_enabled":true,"amp_enabled":true,"_links":{"self":[{"href":"https:\/\/armstrongyregion.com.ar\/diario\/wp-json\/wp\/v2\/posts\/23240","targetHints":{"allow":["GET"]}}],"collection":[{"href":"https:\/\/armstrongyregion.com.ar\/diario\/wp-json\/wp\/v2\/posts"}],"about":[{"href":"https:\/\/armstrongyregion.com.ar\/diario\/wp-json\/wp\/v2\/types\/post"}],"author":[{"embeddable":true,"href":"https:\/\/armstrongyregion.com.ar\/diario\/wp-json\/wp\/v2\/users\/1"}],"replies":[{"embeddable":true,"href":"https:\/\/armstrongyregion.com.ar\/diario\/wp-json\/wp\/v2\/comments?post=23240"}],"version-history":[{"count":0,"href":"https:\/\/armstrongyregion.com.ar\/diario\/wp-json\/wp\/v2\/posts\/23240\/revisions"}],"wp:featuredmedia":[{"embeddable":true,"href":"https:\/\/armstrongyregion.com.ar\/diario\/wp-json\/wp\/v2\/media\/23241"}],"wp:attachment":[{"href":"https:\/\/armstrongyregion.com.ar\/diario\/wp-json\/wp\/v2\/media?parent=23240"}],"wp:term":[{"taxonomy":"category","embeddable":true,"href":"https:\/\/armstrongyregion.com.ar\/diario\/wp-json\/wp\/v2\/categories?post=23240"},{"taxonomy":"post_tag","embeddable":true,"href":"https:\/\/armstrongyregion.com.ar\/diario\/wp-json\/wp\/v2\/tags?post=23240"}],"curies":[{"name":"wp","href":"https:\/\/api.w.org\/{rel}","templated":true}]}}