{"id":23206,"date":"2019-10-02T11:47:46","date_gmt":"2019-10-02T11:47:46","guid":{"rendered":"https:\/\/armstrongyregion.com.ar\/diario\/?p=23206"},"modified":"2019-10-02T11:55:53","modified_gmt":"2019-10-02T11:55:53","slug":"fischer-proponemos-una-ordenanza-que-facilite-el-permiso-para-usar-la-via-publica","status":"publish","type":"post","link":"https:\/\/armstrongyregion.com.ar\/diario\/fischer-proponemos-una-ordenanza-que-facilite-el-permiso-para-usar-la-via-publica\/","title":{"rendered":"Fischer: \u201cProponemos una ordenanza que facilite el permiso para usar la v\u00eda publica\u201d"},"content":{"rendered":"<p><a href=\"http:\/\/armstrongyregion.com.ar\/diario\/wp-content\/uploads\/2019\/09\/Augusto-Fischer-Presidente-C-.jpeg\"><img loading=\"lazy\" decoding=\"async\" src=\"http:\/\/armstrongyregion.com.ar\/diario\/wp-content\/uploads\/2019\/09\/Augusto-Fischer-Presidente-C-.jpeg\" alt=\"Augusto-Fischer-Presidente-C-\" width=\"613\" height=\"600\" class=\"alignnone size-full wp-image-23045\" srcset=\"https:\/\/armstrongyregion.com.ar\/diario\/wp-content\/uploads\/2019\/09\/Augusto-Fischer-Presidente-C-.jpeg 613w, https:\/\/armstrongyregion.com.ar\/diario\/wp-content\/uploads\/2019\/09\/Augusto-Fischer-Presidente-C--300x294.jpeg 300w\" sizes=\"auto, (max-width: 613px) 100vw, 613px\" \/><\/a>El Bloque Justicialista present\u00f3 en la sesi\u00f3n de ayer una reforma a la ordenanza vigente sobre el uso del espacio publico con la finalidad de que el permiso otorgado por el municipio sea mas simple. <\/p>\n<p>\u201cHay una ordenanza que establece los requisitos que tiene que cumplir todo vecino que va a la municipalidad a pedir el uso de la via publica para un evento ya sea cultural, recreativo o deportivo. Nosotros creemos que el municipio se excedi\u00f3 en su facultad de reglamentarla porque para dar el permiso pide requisitos que no est\u00e1n previstos, como por ejemplo la firma de una declaracion jurada donde hace responsable personal y exclusivamente de los da\u00f1os civiles\/penales al organizador del evento\u201d explic\u00f3 el Presidente del Concejo, Dr. Augusto Fischer, haciendo referencia a la propuesta de su bloque.<br \/>\n Agregando que \u201cEsta reforma va a facilitar el tr\u00e1mite para quienes pidan o soliciten el uso de la v\u00eda p\u00fablica y esta no sea una gesti\u00f3n engorrosa para los que quieren hacer un evento\u201d. \u201cLas ordenanzas y el gobierno que las tiene que hacer cumplir deben beneficiar a los ciudadanos, no est\u00e1n para perjudicarlos. Si eso pasa, hay que cambiarlo\u201d afirm\u00f3 el edil luego de la sesi\u00f3n. <\/p>\n<p>Dicha propuesta qued\u00f3 en comisi\u00f3n para su estudio por los dem\u00e1s bloques de Concejales. <\/p>\n","protected":false},"excerpt":{"rendered":"<p>El Bloque Justicialista present\u00f3 en la sesi\u00f3n de ayer una reforma a la ordenanza vigente sobre el uso del espacio publico con la finalidad de que el permiso otorgado por el municipio sea mas simple. \u201cHay una ordenanza que establece los requisitos que tiene que cumplir todo vecino que va a la municipalidad a pedir <a href=\"https:\/\/armstrongyregion.com.ar\/diario\/fischer-proponemos-una-ordenanza-que-facilite-el-permiso-para-usar-la-via-publica\/\" title=\"Read more\" >&#8230;<\/a><\/p>\n","protected":false},"author":1,"featured_media":23045,"comment_status":"open","ping_status":"open","sticky":false,"template":"","format":"standard","meta":{"_jetpack_memberships_contains_paid_content":false,"footnotes":"","jetpack_publicize_message":"","jetpack_publicize_feature_enabled":true,"jetpack_social_post_already_shared":false,"jetpack_social_options":{"image_generator_settings":{"template":"highway","default_image_id":0,"enabled":false},"version":2}},"categories":[6,8,1,2,7],"tags":[8372],"class_list":["post-23206","post","type-post","status-publish","format-standard","has-post-thumbnail","hentry","category-cultura-entretenimiento","category-deliberando","category-diario-armstrong","category-locales","category-politica","tag-fischer-proponemos-una-ordenanza-que-facilite-el-permiso-para-usar-la-via-publica"],"jetpack_publicize_connections":[],"jetpack_featured_media_url":"https:\/\/armstrongyregion.com.ar\/diario\/wp-content\/uploads\/2019\/09\/Augusto-Fischer-Presidente-C-.jpeg","jetpack_shortlink":"https:\/\/wp.me\/p62QDO-62i","jetpack_sharing_enabled":true,"amp_enabled":true,"_links":{"self":[{"href":"https:\/\/armstrongyregion.com.ar\/diario\/wp-json\/wp\/v2\/posts\/23206","targetHints":{"allow":["GET"]}}],"collection":[{"href":"https:\/\/armstrongyregion.com.ar\/diario\/wp-json\/wp\/v2\/posts"}],"about":[{"href":"https:\/\/armstrongyregion.com.ar\/diario\/wp-json\/wp\/v2\/types\/post"}],"author":[{"embeddable":true,"href":"https:\/\/armstrongyregion.com.ar\/diario\/wp-json\/wp\/v2\/users\/1"}],"replies":[{"embeddable":true,"href":"https:\/\/armstrongyregion.com.ar\/diario\/wp-json\/wp\/v2\/comments?post=23206"}],"version-history":[{"count":0,"href":"https:\/\/armstrongyregion.com.ar\/diario\/wp-json\/wp\/v2\/posts\/23206\/revisions"}],"wp:featuredmedia":[{"embeddable":true,"href":"https:\/\/armstrongyregion.com.ar\/diario\/wp-json\/wp\/v2\/media\/23045"}],"wp:attachment":[{"href":"https:\/\/armstrongyregion.com.ar\/diario\/wp-json\/wp\/v2\/media?parent=23206"}],"wp:term":[{"taxonomy":"category","embeddable":true,"href":"https:\/\/armstrongyregion.com.ar\/diario\/wp-json\/wp\/v2\/categories?post=23206"},{"taxonomy":"post_tag","embeddable":true,"href":"https:\/\/armstrongyregion.com.ar\/diario\/wp-json\/wp\/v2\/tags?post=23206"}],"curies":[{"name":"wp","href":"https:\/\/api.w.org\/{rel}","templated":true}]}}