{"id":23188,"date":"2019-10-01T22:23:58","date_gmt":"2019-10-01T22:23:58","guid":{"rendered":"https:\/\/armstrongyregion.com.ar\/diario\/?p=23188"},"modified":"2019-10-01T22:23:58","modified_gmt":"2019-10-01T22:23:58","slug":"armstrong-orden-del-dia-1-de-octubre","status":"publish","type":"post","link":"https:\/\/armstrongyregion.com.ar\/diario\/armstrong-orden-del-dia-1-de-octubre\/","title":{"rendered":"Armstrong. Orden del D\u00eda 1\u00b0 de Octubre."},"content":{"rendered":"<p><a href=\"http:\/\/armstrongyregion.com.ar\/diario\/wp-content\/uploads\/2019\/03\/Apertura-concejo-19-1-.jpg\"><img loading=\"lazy\" decoding=\"async\" src=\"http:\/\/armstrongyregion.com.ar\/diario\/wp-content\/uploads\/2019\/03\/Apertura-concejo-19-1-.jpg\" alt=\"Apertura-concejo-19-1-\" width=\"960\" height=\"466\" class=\"alignnone size-full wp-image-20726\" srcset=\"https:\/\/armstrongyregion.com.ar\/diario\/wp-content\/uploads\/2019\/03\/Apertura-concejo-19-1-.jpg 960w, https:\/\/armstrongyregion.com.ar\/diario\/wp-content\/uploads\/2019\/03\/Apertura-concejo-19-1--300x146.jpg 300w\" sizes=\"auto, (max-width: 960px) 100vw, 960px\" \/><\/a>1-  ACTA  SESION  N\u00ba 1010<\/p>\n<p>2-  MENSAJES DEL D.E.:<\/p>\n<p>    A- INTENDENTE MUNICIPAL: PEDIDO DE PR\u00d3RROGA PARA LA PRESENTACI\u00d3N DEL PRESUPUESTO GENERAL DE GASTOS MUNICIPAL 2020.<\/p>\n<p>    B-  \u00d3RDEN P\u00daBLICO: REUNI\u00d3N PARA COORDINAR PASOS ADMINISTRATIVOS SOBRE UTILIZACI\u00d3N DE LA V\u00cdA P\u00daBLICA.<\/p>\n<p>    C- INTENDENTE MUNICIPAL: INVITACI\u00d3N REUNI\u00d3N DE ASESOR\u00cdA POR PARTE DEL ENTE NACIONAL DE COMUNICACIONES, PARA DAR A CONOCER EL PROGRAMA \u201cANTENAS AMIGABLES\u201d.<\/p>\n<p>3-  CORRESPONDENCIA:<\/p>\n<p>    A- ESCUELA SUPERIOR DE COMERCIO N\u00ba 51: INVITACI\u00d3N AL ACTO DE COLACI\u00d3N DE CARRERAS DEL NIVEL TERCIARIO.<\/p>\n<p>    B- ESCUELA N\u00ba 262: SOLICITUD DE DECLARACI\u00d3N DE INTER\u00c9S MUNICIPAL DE LA 28\u00ba FERIA DE LAS COLECTIVIDADES.<\/p>\n<p>    C-: ESCUELA NORMAL SUPERIOR N\u00ba 33: SOLICITUD DE DECLARACI\u00d3N DE INTER\u00c9S MUNICIPAL DE LA \u201cIV JORNADA INTERNIVELES\u201d.<\/p>\n<p>4-  DICTAMENES DE COMISIONES:   <\/p>\n<p>5-  PROYECTOS DE CONCEJALES:<\/p>\n<p>   A- BLOQUE DE FRENTE PROGRESISTA, C\u00cdVICO Y SOCIAL: <\/p>\n<p>       1- MD.: ADHESI\u00d3N AL MES DE SENSIBILIZACI\u00d3N SOBRE EL C\u00c1NCER DE MAMA.<\/p>\n<p>   B- BLOQUE DE RENOVACI\u00d3N POR ARMSTRONG: <\/p>\n<p>       2- MC.: MANTENIMIENTO DE BA\u00d1OS P\u00daBLICOS, UBICADOS EN PARQUE BRACITO FUERTE Y EN PLAZA SAN MART\u00cdN.<\/p>\n<p>   C- BLOQUE JUSTICIALISTA: <\/p>\n<p>       3- ORD.: MODIFICACI\u00d3N DE LA ORDENANZA N\u00ba 1438, SOBRE USO DE LA V\u00cdA P\u00daBLICA.<\/p>\n<p>   D- CONCEJO: <\/p>\n<p>        INICIO A LAS 20:00 HORAS.<\/p>\n","protected":false},"excerpt":{"rendered":"<p>1- ACTA SESION N\u00ba 1010 2- MENSAJES DEL D.E.: A- INTENDENTE MUNICIPAL: PEDIDO DE PR\u00d3RROGA PARA LA PRESENTACI\u00d3N DEL PRESUPUESTO GENERAL DE GASTOS MUNICIPAL 2020. B- \u00d3RDEN P\u00daBLICO: REUNI\u00d3N PARA COORDINAR PASOS ADMINISTRATIVOS SOBRE UTILIZACI\u00d3N DE LA V\u00cdA P\u00daBLICA. C- INTENDENTE MUNICIPAL: INVITACI\u00d3N REUNI\u00d3N DE ASESOR\u00cdA POR PARTE DEL ENTE NACIONAL DE COMUNICACIONES, PARA DAR <a href=\"https:\/\/armstrongyregion.com.ar\/diario\/armstrong-orden-del-dia-1-de-octubre\/\" title=\"Read more\" >&#8230;<\/a><\/p>\n","protected":false},"author":1,"featured_media":20726,"comment_status":"open","ping_status":"open","sticky":false,"template":"","format":"standard","meta":{"_jetpack_memberships_contains_paid_content":false,"footnotes":"","jetpack_publicize_message":"","jetpack_publicize_feature_enabled":true,"jetpack_social_post_already_shared":false,"jetpack_social_options":{"image_generator_settings":{"template":"highway","default_image_id":0,"enabled":false},"version":2}},"categories":[8,1,2,7,3],"tags":[8367],"class_list":["post-23188","post","type-post","status-publish","format-standard","has-post-thumbnail","hentry","category-deliberando","category-diario-armstrong","category-locales","category-politica","category-region","tag-armstrong-orden-del-dia-1-de-octubre"],"jetpack_publicize_connections":[],"jetpack_featured_media_url":"https:\/\/armstrongyregion.com.ar\/diario\/wp-content\/uploads\/2019\/03\/Apertura-concejo-19-1-.jpg","jetpack_shortlink":"https:\/\/wp.me\/p62QDO-620","jetpack_sharing_enabled":true,"amp_enabled":true,"_links":{"self":[{"href":"https:\/\/armstrongyregion.com.ar\/diario\/wp-json\/wp\/v2\/posts\/23188","targetHints":{"allow":["GET"]}}],"collection":[{"href":"https:\/\/armstrongyregion.com.ar\/diario\/wp-json\/wp\/v2\/posts"}],"about":[{"href":"https:\/\/armstrongyregion.com.ar\/diario\/wp-json\/wp\/v2\/types\/post"}],"author":[{"embeddable":true,"href":"https:\/\/armstrongyregion.com.ar\/diario\/wp-json\/wp\/v2\/users\/1"}],"replies":[{"embeddable":true,"href":"https:\/\/armstrongyregion.com.ar\/diario\/wp-json\/wp\/v2\/comments?post=23188"}],"version-history":[{"count":0,"href":"https:\/\/armstrongyregion.com.ar\/diario\/wp-json\/wp\/v2\/posts\/23188\/revisions"}],"wp:featuredmedia":[{"embeddable":true,"href":"https:\/\/armstrongyregion.com.ar\/diario\/wp-json\/wp\/v2\/media\/20726"}],"wp:attachment":[{"href":"https:\/\/armstrongyregion.com.ar\/diario\/wp-json\/wp\/v2\/media?parent=23188"}],"wp:term":[{"taxonomy":"category","embeddable":true,"href":"https:\/\/armstrongyregion.com.ar\/diario\/wp-json\/wp\/v2\/categories?post=23188"},{"taxonomy":"post_tag","embeddable":true,"href":"https:\/\/armstrongyregion.com.ar\/diario\/wp-json\/wp\/v2\/tags?post=23188"}],"curies":[{"name":"wp","href":"https:\/\/api.w.org\/{rel}","templated":true}]}}