{"id":23184,"date":"2019-10-01T11:56:41","date_gmt":"2019-10-01T11:56:41","guid":{"rendered":"https:\/\/armstrongyregion.com.ar\/diario\/?p=23184"},"modified":"2019-10-01T11:56:41","modified_gmt":"2019-10-01T11:56:41","slug":"deliberando-el-desarrollo-que-ha-tenido-la-ciudad-de-las-rosas-y-28a-edicion-de-la-feria-de-colectividades","status":"publish","type":"post","link":"https:\/\/armstrongyregion.com.ar\/diario\/deliberando-el-desarrollo-que-ha-tenido-la-ciudad-de-las-rosas-y-28a-edicion-de-la-feria-de-colectividades\/","title":{"rendered":"DELIBERANDO, el desarrollo que ha tenido la ciudad de Las Rosas y 28\u00aa. Edici\u00f3n de la Feria de Colectividades."},"content":{"rendered":"<p><a href=\"http:\/\/armstrongyregion.com.ar\/diario\/wp-content\/uploads\/2019\/10\/Javier-Meyer-Delib-sep-19.jpg\"><img loading=\"lazy\" decoding=\"async\" src=\"http:\/\/armstrongyregion.com.ar\/diario\/wp-content\/uploads\/2019\/10\/Javier-Meyer-Delib-sep-19.jpg\" alt=\"Javier-Meyer-Delib-sep-19\" width=\"768\" height=\"542\" class=\"alignnone size-full wp-image-23185\" srcset=\"https:\/\/armstrongyregion.com.ar\/diario\/wp-content\/uploads\/2019\/10\/Javier-Meyer-Delib-sep-19.jpg 768w, https:\/\/armstrongyregion.com.ar\/diario\/wp-content\/uploads\/2019\/10\/Javier-Meyer-Delib-sep-19-300x212.jpg 300w\" sizes=\"auto, (max-width: 768px) 100vw, 768px\" \/><\/a>A poco mas de tres meses de cumplir su primer mandato el intendente de la cabecera del departamento Belgrano, Javier Meyer, hace un repaso pormenorizado del plan de obras que se vienen desarrollando en el mejoramiento de la calidad de vida de los distintos sectores de Las Rosas. Mas red de agua potable, m\u00e1s cloacas, buen n\u00famero de cuadras de pavimento de cemento con una marca que podr\u00eda ser hist\u00f3rica desde la llegada de la democracia.<br \/>\n<a href=\"http:\/\/armstrongyregion.com.ar\/diario\/wp-content\/uploads\/2019\/10\/Feria-Colectividades-28.jpg\"><img loading=\"lazy\" decoding=\"async\" src=\"http:\/\/armstrongyregion.com.ar\/diario\/wp-content\/uploads\/2019\/10\/Feria-Colectividades-28.jpg\" alt=\"Feria-Colectividades-28\" width=\"768\" height=\"421\" class=\"alignnone size-full wp-image-23186\" srcset=\"https:\/\/armstrongyregion.com.ar\/diario\/wp-content\/uploads\/2019\/10\/Feria-Colectividades-28.jpg 768w, https:\/\/armstrongyregion.com.ar\/diario\/wp-content\/uploads\/2019\/10\/Feria-Colectividades-28-300x164.jpg 300w\" sizes=\"auto, (max-width: 768px) 100vw, 768px\" \/><\/a>Como desde hace 28 a\u00f1os la escuela 262, organiza una nueva edici\u00f3n de la Fiesta de Colectividades, donde cada uno de los sectores que formaron nuestro pa\u00eds expondr\u00e1 todo su potencial en alimentos y cultura. Mariela Cantarini y Maria Teresa Atie ser\u00e1n las encargadas de dar todo los detalles de la muestra.<br \/>\nTodo este martes en DELIBERANDO, con la conducci\u00f3n de la licenciada Graciela de la Casa y Oscar Crispino.<br \/>\n21hs. por Cable Imagen Armstrong.<\/p>\n","protected":false},"excerpt":{"rendered":"<p>A poco mas de tres meses de cumplir su primer mandato el intendente de la cabecera del departamento Belgrano, Javier Meyer, hace un repaso pormenorizado del plan de obras que se vienen desarrollando en el mejoramiento de la calidad de vida de los distintos sectores de Las Rosas. Mas red de agua potable, m\u00e1s cloacas, <a href=\"https:\/\/armstrongyregion.com.ar\/diario\/deliberando-el-desarrollo-que-ha-tenido-la-ciudad-de-las-rosas-y-28a-edicion-de-la-feria-de-colectividades\/\" title=\"Read more\" >&#8230;<\/a><\/p>\n","protected":false},"author":1,"featured_media":23185,"comment_status":"open","ping_status":"open","sticky":false,"template":"","format":"standard","meta":{"_jetpack_memberships_contains_paid_content":false,"footnotes":"","jetpack_publicize_message":"","jetpack_publicize_feature_enabled":true,"jetpack_social_post_already_shared":false,"jetpack_social_options":{"image_generator_settings":{"template":"highway","default_image_id":0,"enabled":false},"version":2}},"categories":[8,1,2,7,3],"tags":[44,8366],"class_list":["post-23184","post","type-post","status-publish","format-standard","has-post-thumbnail","hentry","category-deliberando","category-diario-armstrong","category-locales","category-politica","category-region","tag-deliberando-2","tag-el-desarrollo-que-ha-tenido-la-ciudad-de-las-rosas-y-28a-edicion-de-la-feria-de-colectividades"],"jetpack_publicize_connections":[],"jetpack_featured_media_url":"https:\/\/armstrongyregion.com.ar\/diario\/wp-content\/uploads\/2019\/10\/Javier-Meyer-Delib-sep-19.jpg","jetpack_shortlink":"https:\/\/wp.me\/p62QDO-61W","jetpack_sharing_enabled":true,"amp_enabled":true,"_links":{"self":[{"href":"https:\/\/armstrongyregion.com.ar\/diario\/wp-json\/wp\/v2\/posts\/23184","targetHints":{"allow":["GET"]}}],"collection":[{"href":"https:\/\/armstrongyregion.com.ar\/diario\/wp-json\/wp\/v2\/posts"}],"about":[{"href":"https:\/\/armstrongyregion.com.ar\/diario\/wp-json\/wp\/v2\/types\/post"}],"author":[{"embeddable":true,"href":"https:\/\/armstrongyregion.com.ar\/diario\/wp-json\/wp\/v2\/users\/1"}],"replies":[{"embeddable":true,"href":"https:\/\/armstrongyregion.com.ar\/diario\/wp-json\/wp\/v2\/comments?post=23184"}],"version-history":[{"count":0,"href":"https:\/\/armstrongyregion.com.ar\/diario\/wp-json\/wp\/v2\/posts\/23184\/revisions"}],"wp:featuredmedia":[{"embeddable":true,"href":"https:\/\/armstrongyregion.com.ar\/diario\/wp-json\/wp\/v2\/media\/23185"}],"wp:attachment":[{"href":"https:\/\/armstrongyregion.com.ar\/diario\/wp-json\/wp\/v2\/media?parent=23184"}],"wp:term":[{"taxonomy":"category","embeddable":true,"href":"https:\/\/armstrongyregion.com.ar\/diario\/wp-json\/wp\/v2\/categories?post=23184"},{"taxonomy":"post_tag","embeddable":true,"href":"https:\/\/armstrongyregion.com.ar\/diario\/wp-json\/wp\/v2\/tags?post=23184"}],"curies":[{"name":"wp","href":"https:\/\/api.w.org\/{rel}","templated":true}]}}