{"id":23178,"date":"2019-09-30T13:42:11","date_gmt":"2019-09-30T13:42:11","guid":{"rendered":"https:\/\/armstrongyregion.com.ar\/diario\/?p=23178"},"modified":"2019-09-30T13:42:11","modified_gmt":"2019-09-30T13:42:11","slug":"estoy-muy-contento-por-el-compromiso-del-equipo-municipal-para-llevar-adelante-la-gestion","status":"publish","type":"post","link":"https:\/\/armstrongyregion.com.ar\/diario\/estoy-muy-contento-por-el-compromiso-del-equipo-municipal-para-llevar-adelante-la-gestion\/","title":{"rendered":"\u201cEstoy muy contento por el compromiso del equipo municipal para llevar adelante la gesti\u00f3n\u201d"},"content":{"rendered":"<p><a href=\"http:\/\/armstrongyregion.com.ar\/diario\/wp-content\/uploads\/2018\/08\/javier-meyer.jpg\"><img loading=\"lazy\" decoding=\"async\" src=\"http:\/\/armstrongyregion.com.ar\/diario\/wp-content\/uploads\/2018\/08\/javier-meyer.jpg\" alt=\"javier-meyer\" width=\"768\" height=\"576\" class=\"alignnone size-full wp-image-18470\" srcset=\"https:\/\/armstrongyregion.com.ar\/diario\/wp-content\/uploads\/2018\/08\/javier-meyer.jpg 768w, https:\/\/armstrongyregion.com.ar\/diario\/wp-content\/uploads\/2018\/08\/javier-meyer-300x225.jpg 300w\" sizes=\"auto, (max-width: 768px) 100vw, 768px\" \/><\/a>En su informe semanal el Intendente Meyer agradeci\u00f3 a personal, gabinete y concejales por el trabajo que realizan; y comunic\u00f3 el avance en obras y servicios.<br \/>\n<!--[if lt IE 9]><script>document.createElement('audio');<\/script><![endif]-->\n<audio class=\"wp-audio-shortcode\" id=\"audio-23178-1\" preload=\"none\" style=\"width: 100%;\" controls=\"controls\"><source type=\"audio\/mpeg\" src=\"http:\/\/armstrongyregion.com.ar\/diario\/wp-content\/uploads\/2019\/09\/Javier-Mejer-sep-19-.mp3?_=1\" \/><a href=\"http:\/\/armstrongyregion.com.ar\/diario\/wp-content\/uploads\/2019\/09\/Javier-Mejer-sep-19-.mp3\">http:\/\/armstrongyregion.com.ar\/diario\/wp-content\/uploads\/2019\/09\/Javier-Mejer-sep-19-.mp3<\/a><\/audio><\/p>\n<p>Vacunaci\u00f3n antirr\u00e1bica<br \/>\n&#8211;        \u201cQuiero agradecer al concejal Aquino la tarea de coordinaci\u00f3n del Plan de Vacunaci\u00f3n Antirr\u00e1bica, y a todos los veterinarios locales que prestar\u00e1n su servicio desde el lunes 30 de septiembre hasta el 19 de octubre para vacunar a las mascotas (perros y gatos), de manera gratu\u00edta.\u201d<\/p>\n<p>vacunacion<\/p>\n<p>Pavimento<br \/>\n&#8211;          \u201cSe est\u00e1 finalizando el trabajo en 2 cuadras de calle Belgrano (entre Sim\u00f3n de Iriondo y G\u00fcemes), y ya se terminaron las de calles Leloir y Juan de Garay. Pronto seguiremos con calle Tres Lagunas, para llegar hasta Maip\u00fa. El pavimento es una obra hist\u00f3rica de esta gesti\u00f3n, que en algo m\u00e1s de 3 a\u00f1os ha concretado 50 cuadras; algo que quedar\u00e1 en la memoria de los rosenses\u201d.<br \/>\npavimento belgrano<\/p>\n<p>Alumbrado con luces led<br \/>\n&#8211; Se colocan las nuevas columnas para completar calle San Mart\u00edn en toda su longitud.<\/p>\n<p>Parques<br \/>\n&#8211; Contin\u00faa la construcci\u00f3n del nuevo parque en el barrio 27 de marzo, y la remodelaci\u00f3n total de la Plazoleta Rinc\u00f3n del Sol. As\u00ed como mantenimiento y colocaci\u00f3n de flores de estaci\u00f3n en espacios verdes y accesos a la ciudad, y tareas de pintura en el monumento a Cervantes en el parque Espa\u00f1a.<br \/>\nmonumento cervantes<\/p>\n<p>LasRosasDigital.<\/p>\n","protected":false},"excerpt":{"rendered":"<p>En su informe semanal el Intendente Meyer agradeci\u00f3 a personal, gabinete y concejales por el trabajo que realizan; y comunic\u00f3 el avance en obras y servicios. Vacunaci\u00f3n antirr\u00e1bica &#8211; \u201cQuiero agradecer al concejal Aquino la tarea de coordinaci\u00f3n del Plan de Vacunaci\u00f3n Antirr\u00e1bica, y a todos los veterinarios locales que prestar\u00e1n su servicio desde el <a href=\"https:\/\/armstrongyregion.com.ar\/diario\/estoy-muy-contento-por-el-compromiso-del-equipo-municipal-para-llevar-adelante-la-gestion\/\" title=\"Read more\" >&#8230;<\/a><\/p>\n","protected":false},"author":1,"featured_media":18470,"comment_status":"open","ping_status":"open","sticky":false,"template":"","format":"standard","meta":{"_jetpack_memberships_contains_paid_content":false,"footnotes":"","jetpack_publicize_message":"","jetpack_publicize_feature_enabled":true,"jetpack_social_post_already_shared":false,"jetpack_social_options":{"image_generator_settings":{"template":"highway","default_image_id":0,"enabled":false},"version":2}},"categories":[8,1,7,3],"tags":[8364],"class_list":["post-23178","post","type-post","status-publish","format-standard","has-post-thumbnail","hentry","category-deliberando","category-diario-armstrong","category-politica","category-region","tag-estoy-muy-contento-por-el-compromiso-del-equipo-municipal-para-llevar-adelante-la-gestion"],"jetpack_publicize_connections":[],"jetpack_featured_media_url":"https:\/\/armstrongyregion.com.ar\/diario\/wp-content\/uploads\/2018\/08\/javier-meyer.jpg","jetpack_shortlink":"https:\/\/wp.me\/p62QDO-61Q","jetpack_sharing_enabled":true,"amp_enabled":true,"_links":{"self":[{"href":"https:\/\/armstrongyregion.com.ar\/diario\/wp-json\/wp\/v2\/posts\/23178","targetHints":{"allow":["GET"]}}],"collection":[{"href":"https:\/\/armstrongyregion.com.ar\/diario\/wp-json\/wp\/v2\/posts"}],"about":[{"href":"https:\/\/armstrongyregion.com.ar\/diario\/wp-json\/wp\/v2\/types\/post"}],"author":[{"embeddable":true,"href":"https:\/\/armstrongyregion.com.ar\/diario\/wp-json\/wp\/v2\/users\/1"}],"replies":[{"embeddable":true,"href":"https:\/\/armstrongyregion.com.ar\/diario\/wp-json\/wp\/v2\/comments?post=23178"}],"version-history":[{"count":0,"href":"https:\/\/armstrongyregion.com.ar\/diario\/wp-json\/wp\/v2\/posts\/23178\/revisions"}],"wp:featuredmedia":[{"embeddable":true,"href":"https:\/\/armstrongyregion.com.ar\/diario\/wp-json\/wp\/v2\/media\/18470"}],"wp:attachment":[{"href":"https:\/\/armstrongyregion.com.ar\/diario\/wp-json\/wp\/v2\/media?parent=23178"}],"wp:term":[{"taxonomy":"category","embeddable":true,"href":"https:\/\/armstrongyregion.com.ar\/diario\/wp-json\/wp\/v2\/categories?post=23178"},{"taxonomy":"post_tag","embeddable":true,"href":"https:\/\/armstrongyregion.com.ar\/diario\/wp-json\/wp\/v2\/tags?post=23178"}],"curies":[{"name":"wp","href":"https:\/\/api.w.org\/{rel}","templated":true}]}}