{"id":23162,"date":"2019-09-30T11:25:06","date_gmt":"2019-09-30T11:25:06","guid":{"rendered":"https:\/\/armstrongyregion.com.ar\/diario\/?p=23162"},"modified":"2019-09-30T11:25:06","modified_gmt":"2019-09-30T11:25:06","slug":"enrique-estevez-hay-que-construir-un-pais-federal-sin-argentinos-de-primera-y-de-segunda","status":"publish","type":"post","link":"https:\/\/armstrongyregion.com.ar\/diario\/enrique-estevez-hay-que-construir-un-pais-federal-sin-argentinos-de-primera-y-de-segunda\/","title":{"rendered":"Enrique Est\u00e9vez: \u201cHay que construir un pa\u00eds federal sin argentinos de primera y de segunda\u201d"},"content":{"rendered":"<p><a href=\"http:\/\/armstrongyregion.com.ar\/diario\/wp-content\/uploads\/2019\/09\/Est\u00e9vez-Lavagna.jpg\"><img loading=\"lazy\" decoding=\"async\" src=\"http:\/\/armstrongyregion.com.ar\/diario\/wp-content\/uploads\/2019\/09\/Est\u00e9vez-Lavagna.jpg\" alt=\"Est\u00e9vez Lavagna\" width=\"768\" height=\"576\" class=\"alignnone size-full wp-image-23163\" srcset=\"https:\/\/armstrongyregion.com.ar\/diario\/wp-content\/uploads\/2019\/09\/Est\u00e9vez-Lavagna.jpg 768w, https:\/\/armstrongyregion.com.ar\/diario\/wp-content\/uploads\/2019\/09\/Est\u00e9vez-Lavagna-300x225.jpg 300w\" sizes=\"auto, (max-width: 768px) 100vw, 768px\" \/><\/a>El concejal y actual candidato a diputado nacional por Consenso Federal, Enrique Est\u00e9vez, se mostr\u00f3 preocupado con el proyecto de Ley de presupuesto 2020 donde no se observa asignaci\u00f3n de recursos destinados al transporte p\u00fablico del interior del pa\u00eds.<\/p>\n<p>\u201cVemos con preocupaci\u00f3n que en el proyecto de Presupuesto 2020 no hay recursos asignados para subsidiar al transporte del interior del pa\u00eds, en cambio si se mantienen para el \u00e1rea metropolitana de la ciudad de Buenos Aires\u201d, expres\u00f3 el candidato a diputado nacional de Santa Fe por Consenso Federal, Enrique Est\u00e9vez, y agreg\u00f3: \u201cEsto demuestra a las claras que al gobierno centralista de Mauricio Macri s\u00f3lo le interesa lo que sucede en Capital Federal y desprecia al resto de la Argentina\u201d.<\/p>\n<p>\u201cCada ciudadano a lo largo y ancho de nuestro pa\u00eds est\u00e1 financiando el transporte urbano porte\u00f1o cuando carga combustible, ya que lo recaudado por ese impuesto el gobierno centralista de Macri s\u00f3lo lo destina al \u00e1rea metropolitana de Buenos Aires. Mientras que a la par desfinanci\u00f3 el Fondo Compensador que se destina al interior del pa\u00eds y deja al resto de las jurisdicciones libradas a su suerte\u201d, sostuvo el dirigente socialista y agreg\u00f3: \u201cExigimos que esta discriminaci\u00f3n a la que nos tienen acostumbrados los gobiernos nacionales se termine y que los fondos p\u00fablicos, que pertenecen a todos los argentinos, sean repartidos de manera equitativa\u201d.<\/p>\n<p>\u201cA la repartici\u00f3n discrecional que nos ten\u00eda acostumbrado el kirchnerismo de los subsidios al transporte, ahora el macrismo fue un paso m\u00e1s all\u00e1 y directamente cort\u00f3 los recursos para el interior del pa\u00eds. El bloque Juntos por el Cambio profundiza de esta manera las reducciones de los aportes al transporte que ven\u00eda aplicando, que en el \u00faltimo a\u00f1o hab\u00eda ca\u00eddo un 65%, incluido la quita del subsidio al gasoil\u201d, cuestion\u00f3 el candidato a diputado nacional por Santa Fe.<\/p>\n<p>\u201cQue los fondos recaudados por un impuesto que pagan todos los argentinos, como los que provienen de los combustibles l\u00edquidos y del gas natural, sean asignados de manera directa al \u00e1rea metropolitana de Buenos Aires en detrimento del resto de las provincias, es una clara violaci\u00f3n a los principios de la coparticipaci\u00f3n y del federalismo. Como santafesinos no podemos seguir permiti\u00e9ndolo. Todos los legisladores santafesinos, del partido que sean, debieran sumarse a este reclamo\u201d, enfatiz\u00f3 el secretario general del Partido Socialista de Santa Fe.<\/p>\n<p>\u201cFueron los desaciertos de las pol\u00edticas implementadas por el macrismo las que llevaron al sistema de transporte p\u00fablico al borde del colapso\u201d, precis\u00f3 Enrique Est\u00e9vez, y detall\u00f3: \u201cLa suba de precios sostenida, la liberaci\u00f3n del precio de los combustibles, la devaluaci\u00f3n del tipo de cambio, las altas tasas de inter\u00e9s que enfrentan las empresas prestatarias del servicio, sumado a la contracci\u00f3n econ\u00f3mica generalizada, impactan de lleno en el sector y generan un combo fatal\u201d, remarc\u00f3.<\/p>\n<p>Asimismo, el candidato a diputado nacional ratific\u00f3 que \u201cLavagna es el \u00fanico de los candidatos que tiene credibilidad\u201d, porque \u201cya ha demostrado que puede sacar a Argentina de una crisis econ\u00f3mica, pol\u00edtica y social\u201d, y dijo que para alcanzar este objetivo \u00abel Estado debe generar confianza y certeza sosteniendo las pol\u00edticas en el tiempo\u00bb.<\/p>\n<p>\u201cNecesitamos de un gobierno nacional que establezca una mesa de di\u00e1logo nacional que nos permita salir de estas crisis recurrentes. Estamos convencidos de que Roberto Lavagna es la persona indicada para revertir las pol\u00edticas de ajuste que nos permitan retomar la senda de la inversi\u00f3n, la producci\u00f3n y el empleo\u201d, explic\u00f3 Est\u00e9vez, y apunt\u00f3 al federalismo: \u201cMacri y Cristina ya han demostrado en sus gobiernos que no les importa Santa Fe\u201d.<\/p>\n","protected":false},"excerpt":{"rendered":"<p>El concejal y actual candidato a diputado nacional por Consenso Federal, Enrique Est\u00e9vez, se mostr\u00f3 preocupado con el proyecto de Ley de presupuesto 2020 donde no se observa asignaci\u00f3n de recursos destinados al transporte p\u00fablico del interior del pa\u00eds. \u201cVemos con preocupaci\u00f3n que en el proyecto de Presupuesto 2020 no hay recursos asignados para subsidiar <a href=\"https:\/\/armstrongyregion.com.ar\/diario\/enrique-estevez-hay-que-construir-un-pais-federal-sin-argentinos-de-primera-y-de-segunda\/\" title=\"Read more\" >&#8230;<\/a><\/p>\n","protected":false},"author":1,"featured_media":23163,"comment_status":"open","ping_status":"open","sticky":false,"template":"","format":"standard","meta":{"_jetpack_memberships_contains_paid_content":false,"footnotes":"","jetpack_publicize_message":"","jetpack_publicize_feature_enabled":true,"jetpack_social_post_already_shared":false,"jetpack_social_options":{"image_generator_settings":{"template":"highway","default_image_id":0,"enabled":false},"version":2}},"categories":[8,1,2819,7,3],"tags":[8358],"class_list":["post-23162","post","type-post","status-publish","format-standard","has-post-thumbnail","hentry","category-deliberando","category-diario-armstrong","category-el-pais","category-politica","category-region","tag-enrique-estevez-hay-que-construir-un-pais-federal-sin-argentinos-de-primera-y-de-segunda"],"jetpack_publicize_connections":[],"jetpack_featured_media_url":"https:\/\/armstrongyregion.com.ar\/diario\/wp-content\/uploads\/2019\/09\/Est\u00e9vez-Lavagna.jpg","jetpack_shortlink":"https:\/\/wp.me\/p62QDO-61A","jetpack_sharing_enabled":true,"amp_enabled":true,"_links":{"self":[{"href":"https:\/\/armstrongyregion.com.ar\/diario\/wp-json\/wp\/v2\/posts\/23162","targetHints":{"allow":["GET"]}}],"collection":[{"href":"https:\/\/armstrongyregion.com.ar\/diario\/wp-json\/wp\/v2\/posts"}],"about":[{"href":"https:\/\/armstrongyregion.com.ar\/diario\/wp-json\/wp\/v2\/types\/post"}],"author":[{"embeddable":true,"href":"https:\/\/armstrongyregion.com.ar\/diario\/wp-json\/wp\/v2\/users\/1"}],"replies":[{"embeddable":true,"href":"https:\/\/armstrongyregion.com.ar\/diario\/wp-json\/wp\/v2\/comments?post=23162"}],"version-history":[{"count":0,"href":"https:\/\/armstrongyregion.com.ar\/diario\/wp-json\/wp\/v2\/posts\/23162\/revisions"}],"wp:featuredmedia":[{"embeddable":true,"href":"https:\/\/armstrongyregion.com.ar\/diario\/wp-json\/wp\/v2\/media\/23163"}],"wp:attachment":[{"href":"https:\/\/armstrongyregion.com.ar\/diario\/wp-json\/wp\/v2\/media?parent=23162"}],"wp:term":[{"taxonomy":"category","embeddable":true,"href":"https:\/\/armstrongyregion.com.ar\/diario\/wp-json\/wp\/v2\/categories?post=23162"},{"taxonomy":"post_tag","embeddable":true,"href":"https:\/\/armstrongyregion.com.ar\/diario\/wp-json\/wp\/v2\/tags?post=23162"}],"curies":[{"name":"wp","href":"https:\/\/api.w.org\/{rel}","templated":true}]}}