{"id":2313,"date":"2015-05-24T17:30:07","date_gmt":"2015-05-24T17:30:07","guid":{"rendered":"https:\/\/armstrongyregion.com.ar\/diario\/?p=2313"},"modified":"2015-05-24T17:30:07","modified_gmt":"2015-05-24T17:30:07","slug":"armstrong-se-realizo-con-exito-la-pena-del-querer-creer-crear","status":"publish","type":"post","link":"https:\/\/armstrongyregion.com.ar\/diario\/armstrong-se-realizo-con-exito-la-pena-del-querer-creer-crear\/","title":{"rendered":"Armstrong. Se realiz\u00f3 con \u00e9xito la Pe\u00f1a del Querer, Creer, Crear."},"content":{"rendered":"<p><a href=\"http:\/\/armstrongyregion.com.ar\/diario\/wp-content\/uploads\/2015\/05\/IMG-20150523-WA0062.jpg\"><img loading=\"lazy\" decoding=\"async\" src=\"http:\/\/armstrongyregion.com.ar\/diario\/wp-content\/uploads\/2015\/05\/IMG-20150523-WA0062-300x225.jpg\" alt=\"Pe\u00f1a Querer Creer Crear\" width=\"300\" height=\"225\" class=\"alignnone size-medium wp-image-2314\" srcset=\"https:\/\/armstrongyregion.com.ar\/diario\/wp-content\/uploads\/2015\/05\/IMG-20150523-WA0062-300x225.jpg 300w, https:\/\/armstrongyregion.com.ar\/diario\/wp-content\/uploads\/2015\/05\/IMG-20150523-WA0062-1024x768.jpg 1024w, https:\/\/armstrongyregion.com.ar\/diario\/wp-content\/uploads\/2015\/05\/IMG-20150523-WA0062.jpg 1280w\" sizes=\"auto, (max-width: 300px) 100vw, 300px\" \/><\/a>El intendente local Pablo Verdecchia, acompa\u00f1ado de los concejales Daniela P\u00e9rez y Adri\u00e1n Marozzi, junto a integrantes  de su gabinete, la noche del s\u00e1bado 24 de mayo en la Pe\u00f1a del Querer, Creer, Crear expresaba a nuestro medio, \u201cEs emocionante volver a estas fiestas hoy poder ver a los ciudadanos de Armstrong, a nuestros artistas, a nuestros talentos, a nuestros artesanos que tambi\u00e9n est\u00e1n presentes y  que inclusive han representado y muy bien a nuestra provincia en distintos festivales para nosotros es un orgullo, ver esto que se cre\u00f3 desde  el gobierno provincial y tiende a eso a buscar nuestra idiosincrasia, a unirnos con nuestra cultura en movimiento,  deseamos que estas  nuevas replicas que se vienen haciendo puedan seguir uni\u00e9ndonos creo que eso es lo mas importante\u201d.<br \/>\nTambi\u00e9n Rosana Siri, Coordinadora de Gabinete nos dec\u00eda que, \u201cEstamos m\u00e1s que agradecidos ya que esta pe\u00f1a tuvo una gran convocatoria de la ciudadan\u00eda armstronense y  en cuanto a los n\u00fameros de artistas  locales disfrutando de una hermosa noche y tambi\u00e9n disfrutando del servicio de Buffet a cargo de la Es. N. 33\u201d.<br \/>\nAlrededor de 30 n\u00fameros art\u00edsticos se presentaron sobre el escenario emplazado en los galpones MAS,  iniciativa surge del Ministerio de Innovaci\u00f3n y Cultura de la Provincia de Santa Fe, centrando  su atenci\u00f3n en los artistas locales. Esta experiencia se hab\u00eda llevado a cabo en el mes de octubre del 2013 con gran \u00e9xito.<\/p>\n","protected":false},"excerpt":{"rendered":"<p>El intendente local Pablo Verdecchia, acompa\u00f1ado de los concejales Daniela P\u00e9rez y Adri\u00e1n Marozzi, junto a integrantes de su gabinete, la noche del s\u00e1bado 24 de mayo en la Pe\u00f1a del Querer, Creer, Crear expresaba a nuestro medio, \u201cEs emocionante volver a estas fiestas hoy poder ver a los ciudadanos de Armstrong, a nuestros artistas, <a href=\"https:\/\/armstrongyregion.com.ar\/diario\/armstrong-se-realizo-con-exito-la-pena-del-querer-creer-crear\/\" title=\"Read more\" >&#8230;<\/a><\/p>\n","protected":false},"author":2,"featured_media":2314,"comment_status":"open","ping_status":"open","sticky":false,"template":"","format":"standard","meta":{"_jetpack_memberships_contains_paid_content":false,"footnotes":"","jetpack_publicize_message":"","jetpack_publicize_feature_enabled":true,"jetpack_social_post_already_shared":false,"jetpack_social_options":{"image_generator_settings":{"template":"highway","default_image_id":0,"enabled":false},"version":2}},"categories":[6,1,2],"tags":[20,100,1137,1717,53,733,31,1716,1465,87,86],"class_list":["post-2313","post","type-post","status-publish","format-standard","has-post-thumbnail","hentry","category-cultura-entretenimiento","category-diario-armstrong","category-locales","tag-armstrong","tag-con","tag-crear","tag-creer","tag-del","tag-exito","tag-la","tag-pena","tag-querer","tag-realizo","tag-se"],"jetpack_publicize_connections":[],"jetpack_featured_media_url":"https:\/\/armstrongyregion.com.ar\/diario\/wp-content\/uploads\/2015\/05\/IMG-20150523-WA0062.jpg","jetpack_shortlink":"https:\/\/wp.me\/p62QDO-Bj","jetpack_sharing_enabled":true,"amp_enabled":true,"_links":{"self":[{"href":"https:\/\/armstrongyregion.com.ar\/diario\/wp-json\/wp\/v2\/posts\/2313","targetHints":{"allow":["GET"]}}],"collection":[{"href":"https:\/\/armstrongyregion.com.ar\/diario\/wp-json\/wp\/v2\/posts"}],"about":[{"href":"https:\/\/armstrongyregion.com.ar\/diario\/wp-json\/wp\/v2\/types\/post"}],"author":[{"embeddable":true,"href":"https:\/\/armstrongyregion.com.ar\/diario\/wp-json\/wp\/v2\/users\/2"}],"replies":[{"embeddable":true,"href":"https:\/\/armstrongyregion.com.ar\/diario\/wp-json\/wp\/v2\/comments?post=2313"}],"version-history":[{"count":0,"href":"https:\/\/armstrongyregion.com.ar\/diario\/wp-json\/wp\/v2\/posts\/2313\/revisions"}],"wp:featuredmedia":[{"embeddable":true,"href":"https:\/\/armstrongyregion.com.ar\/diario\/wp-json\/wp\/v2\/media\/2314"}],"wp:attachment":[{"href":"https:\/\/armstrongyregion.com.ar\/diario\/wp-json\/wp\/v2\/media?parent=2313"}],"wp:term":[{"taxonomy":"category","embeddable":true,"href":"https:\/\/armstrongyregion.com.ar\/diario\/wp-json\/wp\/v2\/categories?post=2313"},{"taxonomy":"post_tag","embeddable":true,"href":"https:\/\/armstrongyregion.com.ar\/diario\/wp-json\/wp\/v2\/tags?post=2313"}],"curies":[{"name":"wp","href":"https:\/\/api.w.org\/{rel}","templated":true}]}}