{"id":23117,"date":"2019-09-20T11:50:57","date_gmt":"2019-09-20T11:50:57","guid":{"rendered":"https:\/\/armstrongyregion.com.ar\/diario\/?p=23117"},"modified":"2019-09-20T11:50:57","modified_gmt":"2019-09-20T11:50:57","slug":"armstrong-capacitacion-sobre-huertas-en-primavera-verano","status":"publish","type":"post","link":"https:\/\/armstrongyregion.com.ar\/diario\/armstrong-capacitacion-sobre-huertas-en-primavera-verano\/","title":{"rendered":"Armstrong. Capacitaci\u00f3n sobre huertas en primavera-verano."},"content":{"rendered":"<p><a href=\"http:\/\/armstrongyregion.com.ar\/diario\/wp-content\/uploads\/2019\/09\/capacitacion_huerta_agroecologica_primavera_verano_2019.jpg\"><img loading=\"lazy\" decoding=\"async\" src=\"http:\/\/armstrongyregion.com.ar\/diario\/wp-content\/uploads\/2019\/09\/capacitacion_huerta_agroecologica_primavera_verano_2019.jpg\" alt=\"capacitacion_huerta_agroecologica_primavera_verano_2019\" width=\"768\" height=\"536\" class=\"alignnone size-full wp-image-23118\" srcset=\"https:\/\/armstrongyregion.com.ar\/diario\/wp-content\/uploads\/2019\/09\/capacitacion_huerta_agroecologica_primavera_verano_2019.jpg 768w, https:\/\/armstrongyregion.com.ar\/diario\/wp-content\/uploads\/2019\/09\/capacitacion_huerta_agroecologica_primavera_verano_2019-300x209.jpg 300w\" sizes=\"auto, (max-width: 768px) 100vw, 768px\" \/><\/a>La Municipalidad de Armstrong invita a participar de una jornada de capacitaci\u00f3n referida a c\u00f3mo iniciar una huerta agroecol\u00f3gica en primavera-verano que se ofrecer\u00e1 el d\u00eda mi\u00e9rcoles 25 de septiembre a las 10 hs. en el sal\u00f3n Delmo Dar\u00f3, San Mart\u00edn 1565.<\/p>\n<p>El encuentro, organizado conjuntamente con el INTA, est\u00e1 dirigido a todas aquellas personas que ya realicen huertas y tengan dudas e inquietudes y necesiten m\u00e1s informaci\u00f3n, y para aquellos que deseen iniciarse en la actividad.<\/p>\n<p>Esta capacitaci\u00f3n es totalmente gratuita y no es necesario realizar una inscripci\u00f3n previa. Los interesados deben presentarse en el horario y lugar indicados.<\/p>\n","protected":false},"excerpt":{"rendered":"<p>La Municipalidad de Armstrong invita a participar de una jornada de capacitaci\u00f3n referida a c\u00f3mo iniciar una huerta agroecol\u00f3gica en primavera-verano que se ofrecer\u00e1 el d\u00eda mi\u00e9rcoles 25 de septiembre a las 10 hs. en el sal\u00f3n Delmo Dar\u00f3, San Mart\u00edn 1565. El encuentro, organizado conjuntamente con el INTA, est\u00e1 dirigido a todas aquellas personas <a href=\"https:\/\/armstrongyregion.com.ar\/diario\/armstrong-capacitacion-sobre-huertas-en-primavera-verano\/\" title=\"Read more\" >&#8230;<\/a><\/p>\n","protected":false},"author":1,"featured_media":23118,"comment_status":"open","ping_status":"open","sticky":false,"template":"","format":"standard","meta":{"_jetpack_memberships_contains_paid_content":false,"footnotes":"","jetpack_publicize_message":"","jetpack_publicize_feature_enabled":true,"jetpack_social_post_already_shared":false,"jetpack_social_options":{"image_generator_settings":{"template":"highway","default_image_id":0,"enabled":false},"version":2}},"categories":[6,8,1,2],"tags":[8353],"class_list":["post-23117","post","type-post","status-publish","format-standard","has-post-thumbnail","hentry","category-cultura-entretenimiento","category-deliberando","category-diario-armstrong","category-locales","tag-capacitacion-sobre-huertas-en-primavera-verano"],"jetpack_publicize_connections":[],"jetpack_featured_media_url":"https:\/\/armstrongyregion.com.ar\/diario\/wp-content\/uploads\/2019\/09\/capacitacion_huerta_agroecologica_primavera_verano_2019.jpg","jetpack_shortlink":"https:\/\/wp.me\/p62QDO-60R","jetpack_sharing_enabled":true,"amp_enabled":true,"_links":{"self":[{"href":"https:\/\/armstrongyregion.com.ar\/diario\/wp-json\/wp\/v2\/posts\/23117","targetHints":{"allow":["GET"]}}],"collection":[{"href":"https:\/\/armstrongyregion.com.ar\/diario\/wp-json\/wp\/v2\/posts"}],"about":[{"href":"https:\/\/armstrongyregion.com.ar\/diario\/wp-json\/wp\/v2\/types\/post"}],"author":[{"embeddable":true,"href":"https:\/\/armstrongyregion.com.ar\/diario\/wp-json\/wp\/v2\/users\/1"}],"replies":[{"embeddable":true,"href":"https:\/\/armstrongyregion.com.ar\/diario\/wp-json\/wp\/v2\/comments?post=23117"}],"version-history":[{"count":0,"href":"https:\/\/armstrongyregion.com.ar\/diario\/wp-json\/wp\/v2\/posts\/23117\/revisions"}],"wp:featuredmedia":[{"embeddable":true,"href":"https:\/\/armstrongyregion.com.ar\/diario\/wp-json\/wp\/v2\/media\/23118"}],"wp:attachment":[{"href":"https:\/\/armstrongyregion.com.ar\/diario\/wp-json\/wp\/v2\/media?parent=23117"}],"wp:term":[{"taxonomy":"category","embeddable":true,"href":"https:\/\/armstrongyregion.com.ar\/diario\/wp-json\/wp\/v2\/categories?post=23117"},{"taxonomy":"post_tag","embeddable":true,"href":"https:\/\/armstrongyregion.com.ar\/diario\/wp-json\/wp\/v2\/tags?post=23117"}],"curies":[{"name":"wp","href":"https:\/\/api.w.org\/{rel}","templated":true}]}}