{"id":23111,"date":"2019-09-20T11:17:44","date_gmt":"2019-09-20T11:17:44","guid":{"rendered":"https:\/\/armstrongyregion.com.ar\/diario\/?p=23111"},"modified":"2019-09-20T11:46:09","modified_gmt":"2019-09-20T11:46:09","slug":"test-vocacional-y-control-sobre-el-estado-del-gas-envasado","status":"publish","type":"post","link":"https:\/\/armstrongyregion.com.ar\/diario\/test-vocacional-y-control-sobre-el-estado-del-gas-envasado\/","title":{"rendered":"Test vocacional y control sobre el estado del gas envasado."},"content":{"rendered":"<p><a href=\"http:\/\/armstrongyregion.com.ar\/diario\/wp-content\/uploads\/2018\/05\/CSC_0048.jpg\"><img loading=\"lazy\" decoding=\"async\" src=\"http:\/\/armstrongyregion.com.ar\/diario\/wp-content\/uploads\/2018\/05\/CSC_0048-1024x681.jpg\" alt=\"Concejal- Alejandro-Pertusati-\" width=\"800\" height=\"532\" class=\"alignnone size-large wp-image-17114\" \/><\/a>El bloque del Frente Progresista C\u00edvico y Social, (Pertusati- Cuffia) present\u00f3 dos proyectos esta semana.<br \/>\nEn dialogo con nuestro medio, el concejal Alejandro Pertusati expreso: \u201cNosotros presentamos una minuta de comunicaci\u00f3n referida a lo que es una puesta en marcha de test vocacional, no solamente enfocado a los alumnos de secundaria sino que se haga extensivo a gente que quiera seguir un oficio\u201d.<br \/>\nLuego agreg\u00f3: \u201cLa idea es poner a disposici\u00f3n este proyecto a trav\u00e9s del gabinete psicopedag\u00f3gico de la municipalidad, creemos que sumado a la inserci\u00f3n  laboral que est\u00e1 logrando la secundaria le abrir\u00eda un abanico m\u00e1s amplio a la oferta educativa que tienen los chicos cuando salen de 5to a\u00f1o\u201d.<br \/>\nRefiri\u00e9ndose a los j\u00f3venes dijo: \u201cA esa edad no es f\u00e1cil elegir una carrera que seguramente ser\u00e1 la profesi\u00f3n para toda la vida. Lo que plantea es abrir un abanico mayor como para que el chico elija  con una mayor seguridad\u201d.<br \/>\nTambi\u00e9n a\u00f1adi\u00f3: \u201cPor otro lado presentamos un proyecto de ordenanza concerniente a la venta de gas envasado, espec\u00edficamente nos referimos a las medidas de  seguridad. Hemos tenido noticias de que ha habido accidentes en la regi\u00f3n por  el mal mantenimiento de las garrafas  y lo que pedimos y queremos es que se haga una evaluaci\u00f3n del estado de los envases\u201d. Finalizo el edil.<\/p>\n","protected":false},"excerpt":{"rendered":"<p>El bloque del Frente Progresista C\u00edvico y Social, (Pertusati- Cuffia) present\u00f3 dos proyectos esta semana. En dialogo con nuestro medio, el concejal Alejandro Pertusati expreso: \u201cNosotros presentamos una minuta de comunicaci\u00f3n referida a lo que es una puesta en marcha de test vocacional, no solamente enfocado a los alumnos de secundaria sino que se haga <a href=\"https:\/\/armstrongyregion.com.ar\/diario\/test-vocacional-y-control-sobre-el-estado-del-gas-envasado\/\" title=\"Read more\" >&#8230;<\/a><\/p>\n","protected":false},"author":1,"featured_media":0,"comment_status":"open","ping_status":"open","sticky":false,"template":"","format":"standard","meta":{"_jetpack_memberships_contains_paid_content":false,"footnotes":"","jetpack_publicize_message":"","jetpack_publicize_feature_enabled":true,"jetpack_social_post_already_shared":false,"jetpack_social_options":{"image_generator_settings":{"template":"highway","default_image_id":0,"enabled":false},"version":2}},"categories":[8,1,2,7],"tags":[8351],"class_list":["post-23111","post","type-post","status-publish","format-standard","hentry","category-deliberando","category-diario-armstrong","category-locales","category-politica","tag-test-vocacional-y-control-sobre-el-estado-del-gas-envasado"],"jetpack_publicize_connections":[],"jetpack_featured_media_url":"","jetpack_shortlink":"https:\/\/wp.me\/p62QDO-60L","jetpack_sharing_enabled":true,"amp_enabled":true,"_links":{"self":[{"href":"https:\/\/armstrongyregion.com.ar\/diario\/wp-json\/wp\/v2\/posts\/23111","targetHints":{"allow":["GET"]}}],"collection":[{"href":"https:\/\/armstrongyregion.com.ar\/diario\/wp-json\/wp\/v2\/posts"}],"about":[{"href":"https:\/\/armstrongyregion.com.ar\/diario\/wp-json\/wp\/v2\/types\/post"}],"author":[{"embeddable":true,"href":"https:\/\/armstrongyregion.com.ar\/diario\/wp-json\/wp\/v2\/users\/1"}],"replies":[{"embeddable":true,"href":"https:\/\/armstrongyregion.com.ar\/diario\/wp-json\/wp\/v2\/comments?post=23111"}],"version-history":[{"count":0,"href":"https:\/\/armstrongyregion.com.ar\/diario\/wp-json\/wp\/v2\/posts\/23111\/revisions"}],"wp:attachment":[{"href":"https:\/\/armstrongyregion.com.ar\/diario\/wp-json\/wp\/v2\/media?parent=23111"}],"wp:term":[{"taxonomy":"category","embeddable":true,"href":"https:\/\/armstrongyregion.com.ar\/diario\/wp-json\/wp\/v2\/categories?post=23111"},{"taxonomy":"post_tag","embeddable":true,"href":"https:\/\/armstrongyregion.com.ar\/diario\/wp-json\/wp\/v2\/tags?post=23111"}],"curies":[{"name":"wp","href":"https:\/\/api.w.org\/{rel}","templated":true}]}}