{"id":23088,"date":"2019-09-18T16:10:25","date_gmt":"2019-09-18T16:10:25","guid":{"rendered":"https:\/\/armstrongyregion.com.ar\/diario\/?p=23088"},"modified":"2019-09-18T16:10:25","modified_gmt":"2019-09-18T16:10:25","slug":"armstrong-concierto-del-ensamble-folclorico","status":"publish","type":"post","link":"https:\/\/armstrongyregion.com.ar\/diario\/armstrong-concierto-del-ensamble-folclorico\/","title":{"rendered":"Armstrong. Concierto del Ensamble Folcl\u00f3rico."},"content":{"rendered":"<p><a href=\"http:\/\/armstrongyregion.com.ar\/diario\/wp-content\/uploads\/2019\/09\/ensamble_folklorico_2019_ok.jpg\"><img loading=\"lazy\" decoding=\"async\" src=\"http:\/\/armstrongyregion.com.ar\/diario\/wp-content\/uploads\/2019\/09\/ensamble_folklorico_2019_ok.jpg\" alt=\"ensamble_folklorico_2019_ok\" width=\"768\" height=\"538\" class=\"alignnone size-full wp-image-23089\" srcset=\"https:\/\/armstrongyregion.com.ar\/diario\/wp-content\/uploads\/2019\/09\/ensamble_folklorico_2019_ok.jpg 768w, https:\/\/armstrongyregion.com.ar\/diario\/wp-content\/uploads\/2019\/09\/ensamble_folklorico_2019_ok-300x210.jpg 300w\" sizes=\"auto, (max-width: 768px) 100vw, 768px\" \/><\/a>La Municipalidad de Armstrong a trav\u00e9s del Conservatorio de M\u00fasica \u201cEnzo Vacchino\u201d invita al concierto de M\u00fasica Cl\u00e1sica Argentina que brindar\u00e1 el Ensamble Folcl\u00f3rico el d\u00eda jueves 3 de octubre a las 21:30 hs. en la Sala Iris Marga, en calle Dr. Fischer 860 de nuestra ciudad.<\/p>\n<p>Creado con el prop\u00f3sito principal de que nuestra m\u00fasica folcl\u00f3rica argentina llegue a la sociedad no s\u00f3lo de propuestas y proyectos independientes, sino tambi\u00e9n dependiendo de un conservatorio municipal y, de esa manera, promover y difundir la ense\u00f1anza de folclore como materia en conservatorios, colegios y academias, presenta este nuevo espect\u00e1culo, dirigido por el Maestro Cristian Guzm\u00e1n.<\/p>\n<p>El repertorio tiene que ver con obras cl\u00e1sicas de nuestra m\u00fasica argentina y otras que m\u00e1s bien, pertenecen al cancionero popular, reversionando, experimentando, y en plena b\u00fasqueda de un sonido propio. <\/p>\n<p>Entradas anticipadas en venta a $ 150. Solicitarlas a integrantes del Ensamble, y en boleter\u00eda a $ 180.<\/p>\n","protected":false},"excerpt":{"rendered":"<p>La Municipalidad de Armstrong a trav\u00e9s del Conservatorio de M\u00fasica \u201cEnzo Vacchino\u201d invita al concierto de M\u00fasica Cl\u00e1sica Argentina que brindar\u00e1 el Ensamble Folcl\u00f3rico el d\u00eda jueves 3 de octubre a las 21:30 hs. en la Sala Iris Marga, en calle Dr. Fischer 860 de nuestra ciudad. Creado con el prop\u00f3sito principal de que nuestra <a href=\"https:\/\/armstrongyregion.com.ar\/diario\/armstrong-concierto-del-ensamble-folclorico\/\" title=\"Read more\" >&#8230;<\/a><\/p>\n","protected":false},"author":1,"featured_media":23089,"comment_status":"open","ping_status":"open","sticky":false,"template":"","format":"standard","meta":{"_jetpack_memberships_contains_paid_content":false,"footnotes":"","jetpack_publicize_message":"","jetpack_publicize_feature_enabled":true,"jetpack_social_post_already_shared":false,"jetpack_social_options":{"image_generator_settings":{"template":"highway","default_image_id":0,"enabled":false},"version":2}},"categories":[6,8,1,2,3],"tags":[8345],"class_list":["post-23088","post","type-post","status-publish","format-standard","has-post-thumbnail","hentry","category-cultura-entretenimiento","category-deliberando","category-diario-armstrong","category-locales","category-region","tag-concierto-del-ensamble-folclorico"],"jetpack_publicize_connections":[],"jetpack_featured_media_url":"https:\/\/armstrongyregion.com.ar\/diario\/wp-content\/uploads\/2019\/09\/ensamble_folklorico_2019_ok.jpg","jetpack_shortlink":"https:\/\/wp.me\/p62QDO-60o","jetpack_sharing_enabled":true,"amp_enabled":true,"_links":{"self":[{"href":"https:\/\/armstrongyregion.com.ar\/diario\/wp-json\/wp\/v2\/posts\/23088","targetHints":{"allow":["GET"]}}],"collection":[{"href":"https:\/\/armstrongyregion.com.ar\/diario\/wp-json\/wp\/v2\/posts"}],"about":[{"href":"https:\/\/armstrongyregion.com.ar\/diario\/wp-json\/wp\/v2\/types\/post"}],"author":[{"embeddable":true,"href":"https:\/\/armstrongyregion.com.ar\/diario\/wp-json\/wp\/v2\/users\/1"}],"replies":[{"embeddable":true,"href":"https:\/\/armstrongyregion.com.ar\/diario\/wp-json\/wp\/v2\/comments?post=23088"}],"version-history":[{"count":0,"href":"https:\/\/armstrongyregion.com.ar\/diario\/wp-json\/wp\/v2\/posts\/23088\/revisions"}],"wp:featuredmedia":[{"embeddable":true,"href":"https:\/\/armstrongyregion.com.ar\/diario\/wp-json\/wp\/v2\/media\/23089"}],"wp:attachment":[{"href":"https:\/\/armstrongyregion.com.ar\/diario\/wp-json\/wp\/v2\/media?parent=23088"}],"wp:term":[{"taxonomy":"category","embeddable":true,"href":"https:\/\/armstrongyregion.com.ar\/diario\/wp-json\/wp\/v2\/categories?post=23088"},{"taxonomy":"post_tag","embeddable":true,"href":"https:\/\/armstrongyregion.com.ar\/diario\/wp-json\/wp\/v2\/tags?post=23088"}],"curies":[{"name":"wp","href":"https:\/\/api.w.org\/{rel}","templated":true}]}}