{"id":23086,"date":"2019-09-17T20:46:10","date_gmt":"2019-09-17T20:46:10","guid":{"rendered":"https:\/\/armstrongyregion.com.ar\/diario\/?p=23086"},"modified":"2019-09-17T20:46:10","modified_gmt":"2019-09-17T20:46:10","slug":"armstrong-orden-del-dia-17-de-septiembre","status":"publish","type":"post","link":"https:\/\/armstrongyregion.com.ar\/diario\/armstrong-orden-del-dia-17-de-septiembre\/","title":{"rendered":"Armstrong. Orden del D\u00eda 17 de Septiembre."},"content":{"rendered":"<p><a href=\"http:\/\/armstrongyregion.com.ar\/diario\/wp-content\/uploads\/2019\/03\/Apertura-concejo-19-1-.jpg\"><img loading=\"lazy\" decoding=\"async\" src=\"http:\/\/armstrongyregion.com.ar\/diario\/wp-content\/uploads\/2019\/03\/Apertura-concejo-19-1-.jpg\" alt=\"Apertura-concejo-19-1-\" width=\"960\" height=\"466\" class=\"alignnone size-full wp-image-20726\" srcset=\"https:\/\/armstrongyregion.com.ar\/diario\/wp-content\/uploads\/2019\/03\/Apertura-concejo-19-1-.jpg 960w, https:\/\/armstrongyregion.com.ar\/diario\/wp-content\/uploads\/2019\/03\/Apertura-concejo-19-1--300x146.jpg 300w\" sizes=\"auto, (max-width: 960px) 100vw, 960px\" \/><\/a>1-  ACTA  SESION  N\u00ba 1009<\/p>\n<p>2-  MENSAJES DEL D.E.:<\/p>\n<p>    A- INTENDENTE MUNICIPAL: RESPUESTA A MC. N\u00ba 3053, REFERIDA A INFORME SOBRE OBRA DE PAVIMENTACI\u00d3N URBANA.<\/p>\n<p>3-  CORRESPONDENCIA:<\/p>\n<p>    A- ESCUELA N\u00ba 262: INVITACI\u00d3N A LA PRESENTACI\u00d3N DE LA 28\u00ba FERIA DE LAS COLECTIVIDADES.<\/p>\n<p>    B- INVITACI\u00d3N A LA CONVENCI\u00d3N REGIONAL \u201cUNA SOLA SALUD\u201d, A REALIZARSE EN LA CIUDAD DE ESPERANZA.<\/p>\n<p>    C- BEMBA COLOR\u00c1: INVITACI\u00d3N A LA INAUGURACI\u00d3N DE SU FUNDACI\u00d3N.<\/p>\n<p>4-  DICTAMENES DE COMISIONES:   <\/p>\n<p>    A- COMISI\u00d3N DE OBRAS P\u00daBLICAS: SUBDIVISI\u00d3N SIMPLE EN PROPIEDAD DE LA SRA. DENIS DE GUSMEROTTI.<\/p>\n<p>5-  PROYECTOS DE CONCEJALES:<\/p>\n<p>   A- BLOQUE DE FRENTE PROGRESISTA, C\u00cdVICO Y SOCIAL: <\/p>\n<p>       1- MC.: SE SOLICITA QUE SE PONGA EN MARCHA UN PROGRAMA DE ORIENTACI\u00d3N VOCACIONAL.<\/p>\n<p>       2- ORD.: REGISTRO DE ACTIVIDAD COMERCIAL \u201cVENTA DE GAS ENVASADO\u201d<\/p>\n<p>   B- BLOQUE DE RENOVACI\u00d3N POR ARMSTRONG: <\/p>\n<p>       3- MC.: REPARACI\u00d3N CALLE SCHAER, ENTRE MORENO Y FLORESTA.<\/p>\n<p>   C- BLOQUE JUSTICIALISTA: <\/p>\n<p>       4- MD.: 72\u00ba ANIVERSARIO DE LA INSTAURACI\u00d3N DEL VOTO FEMENINO.<\/p>\n<p>       5- MC.: MEJORAMIENTO DE LUMINARIA EN CALLE CUFFIA, ENTRE LA PLATA Y A. ARGENTINA.<\/p>\n<p>       6- MC.: MANTENIMIENTO, ILUMINACI\u00d3N Y SE\u00d1ALIZACI\u00d3N EN CALLE EL HORNERO.<\/p>\n<p>   D- CONCEJO: <\/p>\n<p>       7- MD.: CONMEMORACI\u00d3N DEL D\u00cdA DEL PROFESOR.<\/p>\n<p>       8- MD.: CONMEMORACI\u00d3N DEL D\u00cdA DEL PRECEPTOR.<\/p>\n<p>       9- MD.: CONMEMORACI\u00d3N DEL D\u00cdA INTERNACIONAL DE LA PAZ.<\/p>\n<p>     10- MD.: CONMEMORACI\u00d3N DEL D\u00cdA DEL ESTUDIANTE.<\/p>\n<p>        INICIO A LAS 20:00 HORAS.<\/p>\n","protected":false},"excerpt":{"rendered":"<p>1- ACTA SESION N\u00ba 1009 2- MENSAJES DEL D.E.: A- INTENDENTE MUNICIPAL: RESPUESTA A MC. N\u00ba 3053, REFERIDA A INFORME SOBRE OBRA DE PAVIMENTACI\u00d3N URBANA. 3- CORRESPONDENCIA: A- ESCUELA N\u00ba 262: INVITACI\u00d3N A LA PRESENTACI\u00d3N DE LA 28\u00ba FERIA DE LAS COLECTIVIDADES. B- INVITACI\u00d3N A LA CONVENCI\u00d3N REGIONAL \u201cUNA SOLA SALUD\u201d, A REALIZARSE EN LA <a href=\"https:\/\/armstrongyregion.com.ar\/diario\/armstrong-orden-del-dia-17-de-septiembre\/\" title=\"Read more\" >&#8230;<\/a><\/p>\n","protected":false},"author":1,"featured_media":20726,"comment_status":"open","ping_status":"open","sticky":false,"template":"","format":"standard","meta":{"_jetpack_memberships_contains_paid_content":false,"footnotes":"","jetpack_publicize_message":"","jetpack_publicize_feature_enabled":true,"jetpack_social_post_already_shared":false,"jetpack_social_options":{"image_generator_settings":{"template":"highway","default_image_id":0,"enabled":false},"version":2}},"categories":[8,1,2,7],"tags":[8344],"class_list":["post-23086","post","type-post","status-publish","format-standard","has-post-thumbnail","hentry","category-deliberando","category-diario-armstrong","category-locales","category-politica","tag-armstrong-orden-del-dia-17-de-septiembre"],"jetpack_publicize_connections":[],"jetpack_featured_media_url":"https:\/\/armstrongyregion.com.ar\/diario\/wp-content\/uploads\/2019\/03\/Apertura-concejo-19-1-.jpg","jetpack_shortlink":"https:\/\/wp.me\/p62QDO-60m","jetpack_sharing_enabled":true,"amp_enabled":true,"_links":{"self":[{"href":"https:\/\/armstrongyregion.com.ar\/diario\/wp-json\/wp\/v2\/posts\/23086","targetHints":{"allow":["GET"]}}],"collection":[{"href":"https:\/\/armstrongyregion.com.ar\/diario\/wp-json\/wp\/v2\/posts"}],"about":[{"href":"https:\/\/armstrongyregion.com.ar\/diario\/wp-json\/wp\/v2\/types\/post"}],"author":[{"embeddable":true,"href":"https:\/\/armstrongyregion.com.ar\/diario\/wp-json\/wp\/v2\/users\/1"}],"replies":[{"embeddable":true,"href":"https:\/\/armstrongyregion.com.ar\/diario\/wp-json\/wp\/v2\/comments?post=23086"}],"version-history":[{"count":0,"href":"https:\/\/armstrongyregion.com.ar\/diario\/wp-json\/wp\/v2\/posts\/23086\/revisions"}],"wp:featuredmedia":[{"embeddable":true,"href":"https:\/\/armstrongyregion.com.ar\/diario\/wp-json\/wp\/v2\/media\/20726"}],"wp:attachment":[{"href":"https:\/\/armstrongyregion.com.ar\/diario\/wp-json\/wp\/v2\/media?parent=23086"}],"wp:term":[{"taxonomy":"category","embeddable":true,"href":"https:\/\/armstrongyregion.com.ar\/diario\/wp-json\/wp\/v2\/categories?post=23086"},{"taxonomy":"post_tag","embeddable":true,"href":"https:\/\/armstrongyregion.com.ar\/diario\/wp-json\/wp\/v2\/tags?post=23086"}],"curies":[{"name":"wp","href":"https:\/\/api.w.org\/{rel}","templated":true}]}}