{"id":23077,"date":"2019-09-17T12:39:19","date_gmt":"2019-09-17T12:39:19","guid":{"rendered":"https:\/\/armstrongyregion.com.ar\/diario\/?p=23077"},"modified":"2019-09-17T12:39:19","modified_gmt":"2019-09-17T12:39:19","slug":"canada-de-gomez-autoridades-municipales-participaron-de-reclamo-por-reparacion-de-ruta-9","status":"publish","type":"post","link":"https:\/\/armstrongyregion.com.ar\/diario\/canada-de-gomez-autoridades-municipales-participaron-de-reclamo-por-reparacion-de-ruta-9\/","title":{"rendered":"Ca\u00f1ada de Gomez. Autoridades municipales participaron de reclamo por reparaci\u00f3n de Ruta 9."},"content":{"rendered":"<p><a href=\"http:\/\/armstrongyregion.com.ar\/diario\/wp-content\/uploads\/2019\/09\/WhatsApp-Image-2019-09-16-at-21.11.00.jpeg\"><img loading=\"lazy\" decoding=\"async\" src=\"http:\/\/armstrongyregion.com.ar\/diario\/wp-content\/uploads\/2019\/09\/WhatsApp-Image-2019-09-16-at-21.11.00.jpeg\" alt=\"WhatsApp Image 2019-09-16 at 21.11.00\" width=\"768\" height=\"576\" class=\"alignnone size-full wp-image-23078\" srcset=\"https:\/\/armstrongyregion.com.ar\/diario\/wp-content\/uploads\/2019\/09\/WhatsApp-Image-2019-09-16-at-21.11.00.jpeg 768w, https:\/\/armstrongyregion.com.ar\/diario\/wp-content\/uploads\/2019\/09\/WhatsApp-Image-2019-09-16-at-21.11.00-300x225.jpeg 300w\" sizes=\"auto, (max-width: 768px) 100vw, 768px\" \/><\/a>Junto a Estrellas Amarrillas, acompa\u00f1aron a vecinos de Correa y Carcara\u00f1a en un nuevo reclamo para que se reconstruya la ruta N\u00b0 9. Esta vez, sum\u00e1ndose al abrazo simb\u00f3lico que realizaron auto convocados para exigir acciones inmediatas.<\/p>\n<p>Autoridades municipales junto a la agrupaci\u00f3n Estrellas Amarillas participaron de actividad para exigir que se reconstruya la ruta N\u00b0 9, sum\u00e1ndose al abrazo simb\u00f3lico impulsado por vecinos de Correa y Carcara\u00f1a.<br \/>\n\u201cCabe recordar que ambas localidades adhirieron al amparo que oportunamente impulsamos desde Ca\u00f1ada junto a toda la regi\u00f3n, sobre el cual obtuvimos fallo favorable para lograr rutas seguras y transitables. Vamos a seguir luchando para que se cumpla la ley y as\u00ed conseguir la reconstrucci\u00f3n de la nueve como nos merecemos\u201d, expresaron desde el Municipio.<\/p>\n","protected":false},"excerpt":{"rendered":"<p>Junto a Estrellas Amarrillas, acompa\u00f1aron a vecinos de Correa y Carcara\u00f1a en un nuevo reclamo para que se reconstruya la ruta N\u00b0 9. Esta vez, sum\u00e1ndose al abrazo simb\u00f3lico que realizaron auto convocados para exigir acciones inmediatas. Autoridades municipales junto a la agrupaci\u00f3n Estrellas Amarillas participaron de actividad para exigir que se reconstruya la ruta <a href=\"https:\/\/armstrongyregion.com.ar\/diario\/canada-de-gomez-autoridades-municipales-participaron-de-reclamo-por-reparacion-de-ruta-9\/\" title=\"Read more\" >&#8230;<\/a><\/p>\n","protected":false},"author":1,"featured_media":23078,"comment_status":"open","ping_status":"open","sticky":false,"template":"","format":"standard","meta":{"_jetpack_memberships_contains_paid_content":false,"footnotes":"","jetpack_publicize_message":"","jetpack_publicize_feature_enabled":true,"jetpack_social_post_already_shared":false,"jetpack_social_options":{"image_generator_settings":{"template":"highway","default_image_id":0,"enabled":false},"version":2}},"categories":[1,7,3],"tags":[8341],"class_list":["post-23077","post","type-post","status-publish","format-standard","has-post-thumbnail","hentry","category-diario-armstrong","category-politica","category-region","tag-canada-de-gomez-autoridades-municipales-participaron-de-reclamo-por-reparacion-de-ruta-9"],"jetpack_publicize_connections":[],"jetpack_featured_media_url":"https:\/\/armstrongyregion.com.ar\/diario\/wp-content\/uploads\/2019\/09\/WhatsApp-Image-2019-09-16-at-21.11.00.jpeg","jetpack_shortlink":"https:\/\/wp.me\/p62QDO-60d","jetpack_sharing_enabled":true,"amp_enabled":true,"_links":{"self":[{"href":"https:\/\/armstrongyregion.com.ar\/diario\/wp-json\/wp\/v2\/posts\/23077","targetHints":{"allow":["GET"]}}],"collection":[{"href":"https:\/\/armstrongyregion.com.ar\/diario\/wp-json\/wp\/v2\/posts"}],"about":[{"href":"https:\/\/armstrongyregion.com.ar\/diario\/wp-json\/wp\/v2\/types\/post"}],"author":[{"embeddable":true,"href":"https:\/\/armstrongyregion.com.ar\/diario\/wp-json\/wp\/v2\/users\/1"}],"replies":[{"embeddable":true,"href":"https:\/\/armstrongyregion.com.ar\/diario\/wp-json\/wp\/v2\/comments?post=23077"}],"version-history":[{"count":0,"href":"https:\/\/armstrongyregion.com.ar\/diario\/wp-json\/wp\/v2\/posts\/23077\/revisions"}],"wp:featuredmedia":[{"embeddable":true,"href":"https:\/\/armstrongyregion.com.ar\/diario\/wp-json\/wp\/v2\/media\/23078"}],"wp:attachment":[{"href":"https:\/\/armstrongyregion.com.ar\/diario\/wp-json\/wp\/v2\/media?parent=23077"}],"wp:term":[{"taxonomy":"category","embeddable":true,"href":"https:\/\/armstrongyregion.com.ar\/diario\/wp-json\/wp\/v2\/categories?post=23077"},{"taxonomy":"post_tag","embeddable":true,"href":"https:\/\/armstrongyregion.com.ar\/diario\/wp-json\/wp\/v2\/tags?post=23077"}],"curies":[{"name":"wp","href":"https:\/\/api.w.org\/{rel}","templated":true}]}}