{"id":23061,"date":"2019-09-16T12:05:32","date_gmt":"2019-09-16T12:05:32","guid":{"rendered":"https:\/\/armstrongyregion.com.ar\/diario\/?p=23061"},"modified":"2019-09-16T12:05:32","modified_gmt":"2019-09-16T12:05:32","slug":"cuando-finalice-este-primer-periodo-de-gobierno-tendremos-record-de-obra-publica","status":"publish","type":"post","link":"https:\/\/armstrongyregion.com.ar\/diario\/cuando-finalice-este-primer-periodo-de-gobierno-tendremos-record-de-obra-publica\/","title":{"rendered":"\u00abCuando finalice este primer per\u00edodo de gobierno tendremos record de obra p\u00fablica\u00bb."},"content":{"rendered":"<p><a href=\"http:\/\/armstrongyregion.com.ar\/diario\/wp-content\/uploads\/2019\/04\/javier-meyer-9-de-abril-.jpg\"><img loading=\"lazy\" decoding=\"async\" src=\"http:\/\/armstrongyregion.com.ar\/diario\/wp-content\/uploads\/2019\/04\/javier-meyer-9-de-abril-.jpg\" alt=\"javier-meyer-9-de-abril-\" width=\"768\" height=\"513\" class=\"alignnone size-full wp-image-21119\" srcset=\"https:\/\/armstrongyregion.com.ar\/diario\/wp-content\/uploads\/2019\/04\/javier-meyer-9-de-abril-.jpg 768w, https:\/\/armstrongyregion.com.ar\/diario\/wp-content\/uploads\/2019\/04\/javier-meyer-9-de-abril--300x200.jpg 300w\" sizes=\"auto, (max-width: 768px) 100vw, 768px\" \/><\/a>Asi lo expres\u00f3 el intendente Meyer, al referirse a pavimento urbano (casi 50 cuadras), parques, servicios de salubridad, obras de desagues y otras.<br \/>\nPavimento<br \/>\n\u201cTerminada la obra en el barrio del Polideportivo, se est\u00e1 trabajando firme en calle Tres Lagunas, uniendo desde calle Santa Fe hasta calle Maip\u00fa (ambas son acceso a la ciudad). Y pr\u00f3ximamente tambi\u00e9n se pavimentar\u00e1 calle Belgrano, d\u00e1ndole una salida y un beneficio enorme al Barrio San Cayetano. Estamos conformes con el plan que se ha gestionado y su diagramaci\u00f3n porqu\u00e9 no solamente se pens\u00f3 en conectividad para importante n\u00famero de gente que vive en los barrios, sino tambi\u00e9n en los clubes y en crear nuevos ejes de desarrollo de la ciudad.\u201d<\/p>\n<p>\u201cCuando finalice el 10 de diciembre nuestro primer per\u00edodo de gobierno vamos a tener constru\u00eddas cerca de 50 nuevas cuadras con pavimento de hormig\u00f3n. Ser\u00e1 un record hist\u00f3rico de obra p\u00fablica en Las Rosas\u201d.<\/p>\n<p>Parque 27 de marzo<br \/>\n\u201cSe contin\u00faan con el trabajo en el barrio 27 de marzo, para ir concretando el parque que es un espacio enorme, donde ya est\u00e1 la iluminaci\u00f3n led y se empieza a visualizar la gran obra que es un espacio totalmente renovado que va a poder disfrutarse por toda la poblaci\u00f3n de nuestra ciudad. Queremos que para fin de a\u00f1o pueda estar terminada.\u201d<\/p>\n<p>Caminos rurales<br \/>\n\u201cEstamos siempre acompa\u00f1ando al productor mejorando los caminos prepar\u00e1ndolos para las cosechas, con alteos, reconstrucci\u00f3n y mantenimiento.  Debo felicitar a la cuadrilla de caminos rurales que en estos cuatro a\u00f1os ha trabajado muy bien y con resultados a la vista .\u201d<\/p>\n<p>Agua y cloacas<br \/>\n\u201cLas obras de agua y cloacas tambi\u00e9n han sido interrumpidas, y se efect\u00faan en distintas partes de la ciudad. Pero no solo es la ampliaci\u00f3n de la red, sino que estamos reponiendo ca\u00f1os en Pasaje Giachino y calle General L\u00f3pez, ya que en su momento cuando se hicieron se utilizaron ca\u00f1os de muy mala calidad, que se aplastaban y provocaban continuamente problemas serios. Asi que la decisi\u00f3n es cambiar la ca\u00f1er\u00eda.\u201d<\/p>\n<p>Equipo de trabajo<br \/>\n\u201cEstoy orgulloso de mi equipo de trabajo, que me acompa\u00f1\u00f3 y me va a seguir acompa\u00f1ando porque realmente est\u00e1 la vista el gran desempe\u00f1o que han tenido d\u00eda a d\u00eda, con el gran compromiso que tienen con la comunidad. Y el acompa\u00f1amiento de nuestros concejales que siempre han obrado en pos del contribuyente\u201d<\/p>\n<p>Temporada de poda<br \/>\n\u201cSe finaliz\u00f3 la poda de este a\u00f1o y quiero realmente felicitar a la cuadrilla que la realiza,  porque lo han hecho con gran profesionalismo, cada vez mejor, cada vez m\u00e1s r\u00e1pido. Tambien quiero destacar que esta temporada se plantado cerca de 1000 nuevos ejemplares de \u00e1rboles, no solo en las calles sino en los diferentes pulmones verdes de la ciudad.\u201d<br \/>\nLas Rosas Digital.<\/p>\n","protected":false},"excerpt":{"rendered":"<p>Asi lo expres\u00f3 el intendente Meyer, al referirse a pavimento urbano (casi 50 cuadras), parques, servicios de salubridad, obras de desagues y otras. Pavimento \u201cTerminada la obra en el barrio del Polideportivo, se est\u00e1 trabajando firme en calle Tres Lagunas, uniendo desde calle Santa Fe hasta calle Maip\u00fa (ambas son acceso a la ciudad). Y <a href=\"https:\/\/armstrongyregion.com.ar\/diario\/cuando-finalice-este-primer-periodo-de-gobierno-tendremos-record-de-obra-publica\/\" title=\"Read more\" >&#8230;<\/a><\/p>\n","protected":false},"author":1,"featured_media":21119,"comment_status":"open","ping_status":"open","sticky":false,"template":"","format":"standard","meta":{"_jetpack_memberships_contains_paid_content":false,"footnotes":"","jetpack_publicize_message":"","jetpack_publicize_feature_enabled":true,"jetpack_social_post_already_shared":false,"jetpack_social_options":{"image_generator_settings":{"template":"highway","default_image_id":0,"enabled":false},"version":2}},"categories":[8,1,7,3],"tags":[8336],"class_list":["post-23061","post","type-post","status-publish","format-standard","has-post-thumbnail","hentry","category-deliberando","category-diario-armstrong","category-politica","category-region","tag-cuando-finalice-este-primer-periodo-de-gobierno-tendremos-record-de-obra-publica"],"jetpack_publicize_connections":[],"jetpack_featured_media_url":"https:\/\/armstrongyregion.com.ar\/diario\/wp-content\/uploads\/2019\/04\/javier-meyer-9-de-abril-.jpg","jetpack_shortlink":"https:\/\/wp.me\/p62QDO-5ZX","jetpack_sharing_enabled":true,"amp_enabled":true,"_links":{"self":[{"href":"https:\/\/armstrongyregion.com.ar\/diario\/wp-json\/wp\/v2\/posts\/23061","targetHints":{"allow":["GET"]}}],"collection":[{"href":"https:\/\/armstrongyregion.com.ar\/diario\/wp-json\/wp\/v2\/posts"}],"about":[{"href":"https:\/\/armstrongyregion.com.ar\/diario\/wp-json\/wp\/v2\/types\/post"}],"author":[{"embeddable":true,"href":"https:\/\/armstrongyregion.com.ar\/diario\/wp-json\/wp\/v2\/users\/1"}],"replies":[{"embeddable":true,"href":"https:\/\/armstrongyregion.com.ar\/diario\/wp-json\/wp\/v2\/comments?post=23061"}],"version-history":[{"count":0,"href":"https:\/\/armstrongyregion.com.ar\/diario\/wp-json\/wp\/v2\/posts\/23061\/revisions"}],"wp:featuredmedia":[{"embeddable":true,"href":"https:\/\/armstrongyregion.com.ar\/diario\/wp-json\/wp\/v2\/media\/21119"}],"wp:attachment":[{"href":"https:\/\/armstrongyregion.com.ar\/diario\/wp-json\/wp\/v2\/media?parent=23061"}],"wp:term":[{"taxonomy":"category","embeddable":true,"href":"https:\/\/armstrongyregion.com.ar\/diario\/wp-json\/wp\/v2\/categories?post=23061"},{"taxonomy":"post_tag","embeddable":true,"href":"https:\/\/armstrongyregion.com.ar\/diario\/wp-json\/wp\/v2\/tags?post=23061"}],"curies":[{"name":"wp","href":"https:\/\/api.w.org\/{rel}","templated":true}]}}