{"id":23055,"date":"2019-09-14T21:28:02","date_gmt":"2019-09-14T21:28:02","guid":{"rendered":"https:\/\/armstrongyregion.com.ar\/diario\/?p=23055"},"modified":"2019-09-14T21:28:02","modified_gmt":"2019-09-14T21:28:02","slug":"vecinos-autoconvocados-se-movilizan-para-reclamar-la-reparacion-de-la-ruta-9","status":"publish","type":"post","link":"https:\/\/armstrongyregion.com.ar\/diario\/vecinos-autoconvocados-se-movilizan-para-reclamar-la-reparacion-de-la-ruta-9\/","title":{"rendered":"Vecinos autoconvocados se movilizan para reclamar la reparaci\u00f3n de la ruta 9."},"content":{"rendered":"<p><a href=\"http:\/\/armstrongyregion.com.ar\/diario\/wp-content\/uploads\/2019\/09\/vecinos-Rura-9-.jpg\"><img loading=\"lazy\" decoding=\"async\" src=\"http:\/\/armstrongyregion.com.ar\/diario\/wp-content\/uploads\/2019\/09\/vecinos-Rura-9-.jpg\" alt=\"vecinos-Rura-9-\" width=\"768\" height=\"513\" class=\"alignnone size-full wp-image-23056\" srcset=\"https:\/\/armstrongyregion.com.ar\/diario\/wp-content\/uploads\/2019\/09\/vecinos-Rura-9-.jpg 768w, https:\/\/armstrongyregion.com.ar\/diario\/wp-content\/uploads\/2019\/09\/vecinos-Rura-9--300x200.jpg 300w\" sizes=\"auto, (max-width: 768px) 100vw, 768px\" \/><\/a>Es por el deplorable estado de la calzada, donde ya llevan contabilizados 400 baches.<br \/>\nVecinos autoconvocados Carcara\u00f1\u00e1 y Correa realizar\u00e1n este domingo una movida para reclamar la reparaci\u00f3n del tramo de nueve kil\u00f3metros de la ruta nacional N\u00ba 9 que separa ambas localidades. El motivo: el estado desastrozo de ese segmento de carretera, donde se han contabilizado al menos 400 baches.<\/p>\n<p>\u2008\u2002\u2002El tramo Correa-Carcara\u00f1\u00e1 es uno de los m\u00e1s cr\u00edticos de la ruta porque, seg\u00fan explican los vecinos, es el que utilizan los camiones que esquivan el peaje de la autopista, y transitan la 9 a muy baja velocidad. \u201cSe arman colas de camiones que circulan a paso de hombre, y no ocurren m\u00e1s desgracias porque al ir tan despacio todos, disminuye el riesgo\u201d, cont\u00f3 Roberto Ver\u00f3n, uno de los convocantes a la marcha.<br \/>\nEn el viejo peaje<\/p>\n<p>La movida comenzar\u00e1 este domingo a las 10 y finalizar\u00e1 a las 13. La gente se desplazar\u00e1 desde ambas localidades para confluir en un punto equidistante donde se levantaba el viejo peaje de la ruta. A su paso, los integrantes ir\u00e1n pintando los baches, para que se hagan aun m\u00e1s visibles. Los acompa\u00f1ar\u00e1n los bomberos y los clubes de ambas localidades, estos \u00faltimos porque sufren a diario el estado de la ruta. Se desplazar\u00e1n caminando, en bicicleta, seguidos por autos que marchar\u00e1n a paso de hombre. Est\u00e1n invitados a participar los senadores de los departamentos Iriondo, Hugo Rasetto, y San Lorenzo, Armando Traferri.<\/p>\n<p>\u2008\u2002\u2002\u201cHace dos meses empezamos a reunirnos con las autoridades de las dos localidades y vecinos, hasta que se arm\u00f3 un grupo de autoconvocados que ahora invita a este abrazo simb\u00f3lico para visibilizar la problem\u00e1tica por el p\u00e9simo estado de la ruta\u201d, dijo Ver\u00f3n. El grupo tiene una direcci\u00f3n de Instagram (@adoptaunbacheok), con la que invitan a los habitantes y a los usuarios a fotografiar los pozos que encuentran en la ruta, publicarlos y etiquetarlos con la cuenta. \u201cYa tenemos 750 seguidores\u201d, cont\u00f3 el vecino autoconvocado. Y record\u00f3 que cuando un juez orden\u00f3 el arreglo del tramo, \u201cmandaron un cami\u00f3n que iba tirando asfalto y apison\u00e1ndolo mientras ca\u00eda. Un desastre\u201d.<br \/>\nFuente: La Capital.com<\/p>\n","protected":false},"excerpt":{"rendered":"<p>Es por el deplorable estado de la calzada, donde ya llevan contabilizados 400 baches. Vecinos autoconvocados Carcara\u00f1\u00e1 y Correa realizar\u00e1n este domingo una movida para reclamar la reparaci\u00f3n del tramo de nueve kil\u00f3metros de la ruta nacional N\u00ba 9 que separa ambas localidades. El motivo: el estado desastrozo de ese segmento de carretera, donde se <a href=\"https:\/\/armstrongyregion.com.ar\/diario\/vecinos-autoconvocados-se-movilizan-para-reclamar-la-reparacion-de-la-ruta-9\/\" title=\"Read more\" >&#8230;<\/a><\/p>\n","protected":false},"author":1,"featured_media":23056,"comment_status":"open","ping_status":"open","sticky":false,"template":"","format":"standard","meta":{"_jetpack_memberships_contains_paid_content":false,"footnotes":"","jetpack_publicize_message":"","jetpack_publicize_feature_enabled":true,"jetpack_social_post_already_shared":false,"jetpack_social_options":{"image_generator_settings":{"template":"highway","default_image_id":0,"enabled":false},"version":2}},"categories":[8,1,2,3],"tags":[8334],"class_list":["post-23055","post","type-post","status-publish","format-standard","has-post-thumbnail","hentry","category-deliberando","category-diario-armstrong","category-locales","category-region","tag-vecinos-autoconvocados-se-movilizan-para-reclamar-la-reparacion-de-la-ruta-9"],"jetpack_publicize_connections":[],"jetpack_featured_media_url":"https:\/\/armstrongyregion.com.ar\/diario\/wp-content\/uploads\/2019\/09\/vecinos-Rura-9-.jpg","jetpack_shortlink":"https:\/\/wp.me\/p62QDO-5ZR","jetpack_sharing_enabled":true,"amp_enabled":true,"_links":{"self":[{"href":"https:\/\/armstrongyregion.com.ar\/diario\/wp-json\/wp\/v2\/posts\/23055","targetHints":{"allow":["GET"]}}],"collection":[{"href":"https:\/\/armstrongyregion.com.ar\/diario\/wp-json\/wp\/v2\/posts"}],"about":[{"href":"https:\/\/armstrongyregion.com.ar\/diario\/wp-json\/wp\/v2\/types\/post"}],"author":[{"embeddable":true,"href":"https:\/\/armstrongyregion.com.ar\/diario\/wp-json\/wp\/v2\/users\/1"}],"replies":[{"embeddable":true,"href":"https:\/\/armstrongyregion.com.ar\/diario\/wp-json\/wp\/v2\/comments?post=23055"}],"version-history":[{"count":0,"href":"https:\/\/armstrongyregion.com.ar\/diario\/wp-json\/wp\/v2\/posts\/23055\/revisions"}],"wp:featuredmedia":[{"embeddable":true,"href":"https:\/\/armstrongyregion.com.ar\/diario\/wp-json\/wp\/v2\/media\/23056"}],"wp:attachment":[{"href":"https:\/\/armstrongyregion.com.ar\/diario\/wp-json\/wp\/v2\/media?parent=23055"}],"wp:term":[{"taxonomy":"category","embeddable":true,"href":"https:\/\/armstrongyregion.com.ar\/diario\/wp-json\/wp\/v2\/categories?post=23055"},{"taxonomy":"post_tag","embeddable":true,"href":"https:\/\/armstrongyregion.com.ar\/diario\/wp-json\/wp\/v2\/tags?post=23055"}],"curies":[{"name":"wp","href":"https:\/\/api.w.org\/{rel}","templated":true}]}}