{"id":23035,"date":"2019-09-13T12:18:21","date_gmt":"2019-09-13T12:18:21","guid":{"rendered":"https:\/\/armstrongyregion.com.ar\/diario\/?p=23035"},"modified":"2019-09-13T12:18:21","modified_gmt":"2019-09-13T12:18:21","slug":"el-21-de-septiembre-recibimos-la-primavera","status":"publish","type":"post","link":"https:\/\/armstrongyregion.com.ar\/diario\/el-21-de-septiembre-recibimos-la-primavera\/","title":{"rendered":"El 21 de septiembre recibimos la primavera."},"content":{"rendered":"<p><a href=\"http:\/\/armstrongyregion.com.ar\/diario\/wp-content\/uploads\/2019\/09\/dia_de_la_primavera_2019.jpg\"><img loading=\"lazy\" decoding=\"async\" src=\"http:\/\/armstrongyregion.com.ar\/diario\/wp-content\/uploads\/2019\/09\/dia_de_la_primavera_2019.jpg\" alt=\"dia_de_la_primavera_2019\" width=\"768\" height=\"546\" class=\"alignnone size-full wp-image-23036\" srcset=\"https:\/\/armstrongyregion.com.ar\/diario\/wp-content\/uploads\/2019\/09\/dia_de_la_primavera_2019.jpg 768w, https:\/\/armstrongyregion.com.ar\/diario\/wp-content\/uploads\/2019\/09\/dia_de_la_primavera_2019-300x213.jpg 300w\" sizes=\"auto, (max-width: 768px) 100vw, 768px\" \/><\/a>La Municipalidad de Armstrong a trav\u00e9s del Departamento de Juventud invita a participar de un gran festejo con motivo del inicio de la primavera y el d\u00eda del estudiante, que se realizar\u00e1 el s\u00e1bado 21 de septiembre desde las 15 hs. en Plaza Flotron.<\/p>\n<p>Habr\u00e1 mucha m\u00fasica, juegos para grandes y chicos, DJ en vivo y se sortear\u00e1n entradas para la Spring Fest organizada por los J\u00f3venes por Norte, y muchos regalos m\u00e1s.<\/p>\n<p>Habr\u00e1 tres buffets a disposici\u00f3n del p\u00fablico que ser\u00e1n atendidos por alumnos integrantes de los Centros de Estudiantes: Escuela N\u00b0 33, Escuela N\u00b0 51 y la Escuela N\u00b0 291.<\/p>\n<p>Se suspende por lluvia.<\/p>\n","protected":false},"excerpt":{"rendered":"<p>La Municipalidad de Armstrong a trav\u00e9s del Departamento de Juventud invita a participar de un gran festejo con motivo del inicio de la primavera y el d\u00eda del estudiante, que se realizar\u00e1 el s\u00e1bado 21 de septiembre desde las 15 hs. en Plaza Flotron. Habr\u00e1 mucha m\u00fasica, juegos para grandes y chicos, DJ en vivo <a href=\"https:\/\/armstrongyregion.com.ar\/diario\/el-21-de-septiembre-recibimos-la-primavera\/\" title=\"Read more\" >&#8230;<\/a><\/p>\n","protected":false},"author":1,"featured_media":23036,"comment_status":"open","ping_status":"open","sticky":false,"template":"","format":"standard","meta":{"_jetpack_memberships_contains_paid_content":false,"footnotes":"","jetpack_publicize_message":"","jetpack_publicize_feature_enabled":true,"jetpack_social_post_already_shared":false,"jetpack_social_options":{"image_generator_settings":{"template":"highway","default_image_id":0,"enabled":false},"version":2}},"categories":[6,8,1,2],"tags":[8327],"class_list":["post-23035","post","type-post","status-publish","format-standard","has-post-thumbnail","hentry","category-cultura-entretenimiento","category-deliberando","category-diario-armstrong","category-locales","tag-el-21-de-septiembre-recibimos-la-primavera"],"jetpack_publicize_connections":[],"jetpack_featured_media_url":"https:\/\/armstrongyregion.com.ar\/diario\/wp-content\/uploads\/2019\/09\/dia_de_la_primavera_2019.jpg","jetpack_shortlink":"https:\/\/wp.me\/p62QDO-5Zx","jetpack_sharing_enabled":true,"amp_enabled":true,"_links":{"self":[{"href":"https:\/\/armstrongyregion.com.ar\/diario\/wp-json\/wp\/v2\/posts\/23035","targetHints":{"allow":["GET"]}}],"collection":[{"href":"https:\/\/armstrongyregion.com.ar\/diario\/wp-json\/wp\/v2\/posts"}],"about":[{"href":"https:\/\/armstrongyregion.com.ar\/diario\/wp-json\/wp\/v2\/types\/post"}],"author":[{"embeddable":true,"href":"https:\/\/armstrongyregion.com.ar\/diario\/wp-json\/wp\/v2\/users\/1"}],"replies":[{"embeddable":true,"href":"https:\/\/armstrongyregion.com.ar\/diario\/wp-json\/wp\/v2\/comments?post=23035"}],"version-history":[{"count":0,"href":"https:\/\/armstrongyregion.com.ar\/diario\/wp-json\/wp\/v2\/posts\/23035\/revisions"}],"wp:featuredmedia":[{"embeddable":true,"href":"https:\/\/armstrongyregion.com.ar\/diario\/wp-json\/wp\/v2\/media\/23036"}],"wp:attachment":[{"href":"https:\/\/armstrongyregion.com.ar\/diario\/wp-json\/wp\/v2\/media?parent=23035"}],"wp:term":[{"taxonomy":"category","embeddable":true,"href":"https:\/\/armstrongyregion.com.ar\/diario\/wp-json\/wp\/v2\/categories?post=23035"},{"taxonomy":"post_tag","embeddable":true,"href":"https:\/\/armstrongyregion.com.ar\/diario\/wp-json\/wp\/v2\/tags?post=23035"}],"curies":[{"name":"wp","href":"https:\/\/api.w.org\/{rel}","templated":true}]}}