{"id":23032,"date":"2019-09-13T11:56:17","date_gmt":"2019-09-13T11:56:17","guid":{"rendered":"https:\/\/armstrongyregion.com.ar\/diario\/?p=23032"},"modified":"2019-09-13T11:56:17","modified_gmt":"2019-09-13T11:56:17","slug":"el-concejo-joven-sesiono-el-dia-12-de-septiembre","status":"publish","type":"post","link":"https:\/\/armstrongyregion.com.ar\/diario\/el-concejo-joven-sesiono-el-dia-12-de-septiembre\/","title":{"rendered":"El Concejo Joven Sesiono el d\u00eda 12 de Septiembre."},"content":{"rendered":"<p><a href=\"http:\/\/armstrongyregion.com.ar\/diario\/wp-content\/uploads\/2019\/09\/concejo-joven-.jpg\"><img loading=\"lazy\" decoding=\"async\" src=\"http:\/\/armstrongyregion.com.ar\/diario\/wp-content\/uploads\/2019\/09\/concejo-joven-.jpg\" alt=\"concejo-joven-\" width=\"960\" height=\"720\" class=\"alignnone size-full wp-image-23033\" srcset=\"https:\/\/armstrongyregion.com.ar\/diario\/wp-content\/uploads\/2019\/09\/concejo-joven-.jpg 960w, https:\/\/armstrongyregion.com.ar\/diario\/wp-content\/uploads\/2019\/09\/concejo-joven--300x225.jpg 300w\" sizes=\"auto, (max-width: 960px) 100vw, 960px\" \/><\/a>El Orden del D\u00eda 12 de Septiembre. Concejo Joven.<br \/>\n1-  CORRESPONDENCIA:<\/p>\n<p>      A- ESCUELA N\u00ba 51 \u201cDR. MARIANO MORENO\u201d: ENV\u00cdO DE PROYECTOS PARA CONCEJO JOVEN.<\/p>\n<p>      B- ESCUELA N\u00ba 33 \u201cDR. MANUEL BELGRANO\u201d: ENV\u00cdO DE PROYECTOS PARA CONCEJO JOVEN.<\/p>\n<p>      C- ESCUELA N\u00ba 291 \u201cTNTE. CNEL. FRAY LUIS BELTR\u00c1N\u201d: ENV\u00cdO DE PROYECTOS PARA CONCEJO JOVEN.<\/p>\n<p>2-  PROYECTOS DE CONCEJALES:<\/p>\n<p>        A- BLOQUE DE LA ESCUELA N\u00ba 51 \u201cDR. MANUEL BELGRANO\u201d:<\/p>\n<p>        1- M.C.:  AMPLIACI\u00d3N DEL PROGRAMA \u201cYO ME COMPROMETO\u201d, RELACIONADO CON LA CLASIFICACI\u00d3N DE RESIDUOS.<br \/>\n        2-  M.C.:  PAVIMENTACI\u00d3N DE BICISENDA HACIA EL POLIDEPORTIVO NORTE.<br \/>\n        3-  M.C.:  RELEVAMIENTO DE ALUMBRADO P\u00daBLICO.<br \/>\n        4- ORD.: CREACI\u00d3N DEL PROGRAMA INTEGRAL DE PROTECCI\u00d3N DE NI\u00d1AS Y J\u00d3VENES EMBARAZADAS Y\/O CON NI\u00d1OS MENORES DE UN A\u00d1O<br \/>\n        5-  ORD.: CREACI\u00d3N DEL CUERPO DE INSPECTORES AMBIENTALES.<\/p>\n<p>   B- BLOQUE DE LA ESCUELA N\u00ba 33 \u201cDR. MARIANO MORENO\u201d: <\/p>\n<p>        6-  M.C.: PAVIMENTACI\u00d3N DE BICISENDA HACIA EL POLIDEPORTIVO NORTE.<br \/>\n        7- ORD.: PROMOVER LA DIVISI\u00d3N DE RESIDUOS DOM\u00c9STICOS, EN ORG\u00c1NICOS E INORG\u00c1NICOS.       <\/p>\n<p>   C- BLOQUE DE LA ESCUELA N\u00ba 291 \u201cTNTE. CNEL. FRAY LUIS BELTR\u00c1N\u201d:<\/p>\n<p>        8-   M.C.: SERVICIO DE AGUA POTABLE EN EDIFICIO PROVISORIO DE ESCUELA  T\u00c9CNICA N\u00ba 291.<br \/>\n        9- ORD.: CONSTRUCCI\u00d3N DE UNA PLAYA PARA ESTACIONAMIENTO DE CAMIONES.<\/p>\n<p>CONCEJO JOVEN INTEGRADO POR:<\/p>\n<p>\u2022\tESCUELA N\u00ba 51: M\u00c9LANY PONCE \u2013 IV\u00c1N ALEMANDI<br \/>\n\u2022\tESCUELA N\u00ba 33: CHIARA BENZO  &#8211;  EMMA ABRATE<br \/>\n\u2022\tESCUELA N\u00ba 291: FACUNDO STEFONI  &#8211; ALEJANDRO SANONI<\/p>\n","protected":false},"excerpt":{"rendered":"<p>El Orden del D\u00eda 12 de Septiembre. Concejo Joven. 1- CORRESPONDENCIA: A- ESCUELA N\u00ba 51 \u201cDR. MARIANO MORENO\u201d: ENV\u00cdO DE PROYECTOS PARA CONCEJO JOVEN. B- ESCUELA N\u00ba 33 \u201cDR. MANUEL BELGRANO\u201d: ENV\u00cdO DE PROYECTOS PARA CONCEJO JOVEN. C- ESCUELA N\u00ba 291 \u201cTNTE. CNEL. FRAY LUIS BELTR\u00c1N\u201d: ENV\u00cdO DE PROYECTOS PARA CONCEJO JOVEN. 2- PROYECTOS DE <a href=\"https:\/\/armstrongyregion.com.ar\/diario\/el-concejo-joven-sesiono-el-dia-12-de-septiembre\/\" title=\"Read more\" >&#8230;<\/a><\/p>\n","protected":false},"author":1,"featured_media":23033,"comment_status":"open","ping_status":"open","sticky":false,"template":"","format":"standard","meta":{"_jetpack_memberships_contains_paid_content":false,"footnotes":"","jetpack_publicize_message":"","jetpack_publicize_feature_enabled":true,"jetpack_social_post_already_shared":false,"jetpack_social_options":{"image_generator_settings":{"template":"highway","default_image_id":0,"enabled":false},"version":2}},"categories":[6,8,1,2,7],"tags":[8326],"class_list":["post-23032","post","type-post","status-publish","format-standard","has-post-thumbnail","hentry","category-cultura-entretenimiento","category-deliberando","category-diario-armstrong","category-locales","category-politica","tag-el-concejo-joven-sesiono-el-dia-12-de-septiembre"],"jetpack_publicize_connections":[],"jetpack_featured_media_url":"https:\/\/armstrongyregion.com.ar\/diario\/wp-content\/uploads\/2019\/09\/concejo-joven-.jpg","jetpack_shortlink":"https:\/\/wp.me\/p62QDO-5Zu","jetpack_sharing_enabled":true,"amp_enabled":true,"_links":{"self":[{"href":"https:\/\/armstrongyregion.com.ar\/diario\/wp-json\/wp\/v2\/posts\/23032","targetHints":{"allow":["GET"]}}],"collection":[{"href":"https:\/\/armstrongyregion.com.ar\/diario\/wp-json\/wp\/v2\/posts"}],"about":[{"href":"https:\/\/armstrongyregion.com.ar\/diario\/wp-json\/wp\/v2\/types\/post"}],"author":[{"embeddable":true,"href":"https:\/\/armstrongyregion.com.ar\/diario\/wp-json\/wp\/v2\/users\/1"}],"replies":[{"embeddable":true,"href":"https:\/\/armstrongyregion.com.ar\/diario\/wp-json\/wp\/v2\/comments?post=23032"}],"version-history":[{"count":0,"href":"https:\/\/armstrongyregion.com.ar\/diario\/wp-json\/wp\/v2\/posts\/23032\/revisions"}],"wp:featuredmedia":[{"embeddable":true,"href":"https:\/\/armstrongyregion.com.ar\/diario\/wp-json\/wp\/v2\/media\/23033"}],"wp:attachment":[{"href":"https:\/\/armstrongyregion.com.ar\/diario\/wp-json\/wp\/v2\/media?parent=23032"}],"wp:term":[{"taxonomy":"category","embeddable":true,"href":"https:\/\/armstrongyregion.com.ar\/diario\/wp-json\/wp\/v2\/categories?post=23032"},{"taxonomy":"post_tag","embeddable":true,"href":"https:\/\/armstrongyregion.com.ar\/diario\/wp-json\/wp\/v2\/tags?post=23032"}],"curies":[{"name":"wp","href":"https:\/\/api.w.org\/{rel}","templated":true}]}}