{"id":22926,"date":"2019-09-04T15:27:32","date_gmt":"2019-09-04T15:27:32","guid":{"rendered":"https:\/\/armstrongyregion.com.ar\/diario\/?p=22926"},"modified":"2019-09-04T15:27:32","modified_gmt":"2019-09-04T15:27:32","slug":"paro-nacional-docente-tras-la-agresion-a-maestros-en-chubut","status":"publish","type":"post","link":"https:\/\/armstrongyregion.com.ar\/diario\/paro-nacional-docente-tras-la-agresion-a-maestros-en-chubut\/","title":{"rendered":"Paro nacional docente tras la agresi\u00f3n a maestros en Chubut."},"content":{"rendered":"<p><a href=\"http:\/\/armstrongyregion.com.ar\/diario\/wp-content\/uploads\/2019\/09\/sin-clases.jpg\"><img loading=\"lazy\" decoding=\"async\" src=\"http:\/\/armstrongyregion.com.ar\/diario\/wp-content\/uploads\/2019\/09\/sin-clases.jpg\" alt=\"sin-clases\" width=\"768\" height=\"432\" class=\"alignnone size-full wp-image-22927\" srcset=\"https:\/\/armstrongyregion.com.ar\/diario\/wp-content\/uploads\/2019\/09\/sin-clases.jpg 768w, https:\/\/armstrongyregion.com.ar\/diario\/wp-content\/uploads\/2019\/09\/sin-clases-300x169.jpg 300w\" sizes=\"auto, (max-width: 768px) 100vw, 768px\" \/><\/a>Jueves sin clases en todo el pa\u00eds.<br \/>\nCtera convoc\u00f3 a la medida de fuerza luego del ataque sufrido por docentes chubutenses que fueron desalojados por petroleros durante un corte de ruta por salarios adeudados. El reclamo tambi\u00e9n es por la \u201cgrav\u00edsima situaci\u00f3n\u201d que atraviesan las escuelas producto de las pol\u00edticas de ajuste de Macri.<br \/>\nLa titular de Ctera, Sonia Alesso, confirm\u00f3 que su gremio realizar\u00e1 ma\u00f1ana un paro nacional en todas las escuelas del pa\u00eds, con una movilizaci\u00f3n en la ciudad de Buenos Aires. Es en repudio a la agresi\u00f3n que sufrieron maestros de Chubut al ser desalojados por manifestantes del gremio de petroleros durante un corte de ruta en reclamo de salarios adeudados. <\/p>\n<p>Adem\u00e1s reclamar\u00e1n por la \u201cgrav\u00edsima situaci\u00f3n\u201d que atraviesan las instituciones educativas producto de las pol\u00edticas de ajuste del gobierno de Mauricio Macri.<br \/>\nLa movilizaci\u00f3n que acompa\u00f1ar\u00e1 la medida de fuerza ser\u00e1 a partir de las 10, en 9 de Julio y Sarmiento, y ser\u00e1 parte de la convocatoria de gremios y organizaciones sociales en demanda de una ley de \u201cemergencia social y alimentaria\u201d.<\/p>\n<p>La medida de fuerza fue tomada con car\u00e1cter de \u201curgencia\u201d luego de la represi\u00f3n que los docentes de Chubut agremiados en ATECht sufrieron durante la madrugada en un corte de ruta. Se trat\u00f3 de \u201cuna grave agresi\u00f3n\u201d por parte del gobierno local \u201cen el marco de un conflicto que tiene que ver con la lucha por cobrar un salario\u201d, cuestion\u00f3 Alesso.<\/p>\n<p>Como resultado de la represi\u00f3n, cinco maestras fueron heridas por los golpes policiales. \u201cLa vida de los maestros es un l\u00edmite que no vamos a dejar pasar\u201d, sentenci\u00f3 la dirigente durante una conferencia de prensa en la que estuvo acompa\u00f1ada por el titular de Suteba, Roberto Baradel, el de la Uni\u00f3n de Trabajadores de la Educaci\u00f3n (UTE), Eduardo L\u00f3pez, y representantes de las cinco entidades que integran la central.<\/p>\n<p>Adem\u00e1s, los gremios responsabilizaron de esa situaci\u00f3n tanto al gobierno chubutense como al nacional, al que le pidieron que \u201cintervenga en la resoluci\u00f3n del conflicto\u201d. De la misma manera, sostuvieron que este contexto es consecuencia de la administraci\u00f3n de Alejandro Finocchiaro al frente de la cartera educativa, que \u201cincumple con el llamado a paritaria y ley financiamiento educativo\u201d.<br \/>\nPor otra parte, Alesso remarc\u00f3 que \u201ctiene que haber una ley de emergencia alimentaria\u201d y puntualiz\u00f3 que el eje central de la medida de fuerza tiene que ver con \u201cla situaci\u00f3n que pasan los docentes en distintas provincias\u201d, particularmente lo que viven los docentes de Chubut, que ayer fueron reprimidos durante un corte de ruta. \u201cEn las escuelas est\u00e1n habiendo situaciones grav\u00edsimas de hambre, que sufren las chicas y los chicos\u201d, indic\u00f3.<br \/>\nFuente:Pagina 12<\/p>\n","protected":false},"excerpt":{"rendered":"<p>Jueves sin clases en todo el pa\u00eds. Ctera convoc\u00f3 a la medida de fuerza luego del ataque sufrido por docentes chubutenses que fueron desalojados por petroleros durante un corte de ruta por salarios adeudados. El reclamo tambi\u00e9n es por la \u201cgrav\u00edsima situaci\u00f3n\u201d que atraviesan las escuelas producto de las pol\u00edticas de ajuste de Macri. La <a href=\"https:\/\/armstrongyregion.com.ar\/diario\/paro-nacional-docente-tras-la-agresion-a-maestros-en-chubut\/\" title=\"Read more\" >&#8230;<\/a><\/p>\n","protected":false},"author":1,"featured_media":22927,"comment_status":"open","ping_status":"open","sticky":false,"template":"","format":"standard","meta":{"_jetpack_memberships_contains_paid_content":false,"footnotes":"","jetpack_publicize_message":"","jetpack_publicize_feature_enabled":true,"jetpack_social_post_already_shared":false,"jetpack_social_options":{"image_generator_settings":{"template":"highway","default_image_id":0,"enabled":false},"version":2}},"categories":[8,1,2819,2,7,3],"tags":[8311],"class_list":["post-22926","post","type-post","status-publish","format-standard","has-post-thumbnail","hentry","category-deliberando","category-diario-armstrong","category-el-pais","category-locales","category-politica","category-region","tag-paro-nacional-docente-tras-la-agresion-a-maestros-en-chubut"],"jetpack_publicize_connections":[],"jetpack_featured_media_url":"https:\/\/armstrongyregion.com.ar\/diario\/wp-content\/uploads\/2019\/09\/sin-clases.jpg","jetpack_shortlink":"https:\/\/wp.me\/p62QDO-5XM","jetpack_sharing_enabled":true,"amp_enabled":true,"_links":{"self":[{"href":"https:\/\/armstrongyregion.com.ar\/diario\/wp-json\/wp\/v2\/posts\/22926","targetHints":{"allow":["GET"]}}],"collection":[{"href":"https:\/\/armstrongyregion.com.ar\/diario\/wp-json\/wp\/v2\/posts"}],"about":[{"href":"https:\/\/armstrongyregion.com.ar\/diario\/wp-json\/wp\/v2\/types\/post"}],"author":[{"embeddable":true,"href":"https:\/\/armstrongyregion.com.ar\/diario\/wp-json\/wp\/v2\/users\/1"}],"replies":[{"embeddable":true,"href":"https:\/\/armstrongyregion.com.ar\/diario\/wp-json\/wp\/v2\/comments?post=22926"}],"version-history":[{"count":0,"href":"https:\/\/armstrongyregion.com.ar\/diario\/wp-json\/wp\/v2\/posts\/22926\/revisions"}],"wp:featuredmedia":[{"embeddable":true,"href":"https:\/\/armstrongyregion.com.ar\/diario\/wp-json\/wp\/v2\/media\/22927"}],"wp:attachment":[{"href":"https:\/\/armstrongyregion.com.ar\/diario\/wp-json\/wp\/v2\/media?parent=22926"}],"wp:term":[{"taxonomy":"category","embeddable":true,"href":"https:\/\/armstrongyregion.com.ar\/diario\/wp-json\/wp\/v2\/categories?post=22926"},{"taxonomy":"post_tag","embeddable":true,"href":"https:\/\/armstrongyregion.com.ar\/diario\/wp-json\/wp\/v2\/tags?post=22926"}],"curies":[{"name":"wp","href":"https:\/\/api.w.org\/{rel}","templated":true}]}}