{"id":22922,"date":"2019-09-04T15:08:39","date_gmt":"2019-09-04T15:08:39","guid":{"rendered":"https:\/\/armstrongyregion.com.ar\/diario\/?p=22922"},"modified":"2019-09-04T15:08:39","modified_gmt":"2019-09-04T15:08:39","slug":"german-martinez-de-recorrida-por-armstrong-y-la-region","status":"publish","type":"post","link":"https:\/\/armstrongyregion.com.ar\/diario\/german-martinez-de-recorrida-por-armstrong-y-la-region\/","title":{"rendered":"German Martinez, de recorrida por Armstrong y la regi\u00f3n."},"content":{"rendered":"<p><a href=\"http:\/\/armstrongyregion.com.ar\/diario\/wp-content\/uploads\/2019\/09\/German-Martinez-septiembre-19.jpg\"><img loading=\"lazy\" decoding=\"async\" src=\"http:\/\/armstrongyregion.com.ar\/diario\/wp-content\/uploads\/2019\/09\/German-Martinez-septiembre-19.jpg\" alt=\"German-Martinez-septiembre-19\" width=\"768\" height=\"593\" class=\"alignnone size-full wp-image-22923\" srcset=\"https:\/\/armstrongyregion.com.ar\/diario\/wp-content\/uploads\/2019\/09\/German-Martinez-septiembre-19.jpg 768w, https:\/\/armstrongyregion.com.ar\/diario\/wp-content\/uploads\/2019\/09\/German-Martinez-septiembre-19-300x232.jpg 300w\" sizes=\"auto, (max-width: 768px) 100vw, 768px\" \/><\/a>El candidato a diputado nacional por el Frente de Todos, Germ\u00e1n Mart\u00ednez, realiz\u00f3 el lunes 02 de setiembre, una recorrida por el departamento Belgrano de la provincia de Santa Fe.<br \/>\nEstuvo acompa\u00f1ado por el senador provincial Guillermo Cornaglia, junto a quien visit\u00f3 las ciudades de Armstrong, Las Parejas y Las Rosas.<br \/>\n<a href=\"http:\/\/armstrongyregion.com.ar\/diario\/wp-content\/uploads\/2019\/09\/german-martinez.2.jpg\"><img loading=\"lazy\" decoding=\"async\" src=\"http:\/\/armstrongyregion.com.ar\/diario\/wp-content\/uploads\/2019\/09\/german-martinez.2.jpg\" alt=\"german-martinez.2\" width=\"768\" height=\"598\" class=\"alignnone size-full wp-image-22924\" srcset=\"https:\/\/armstrongyregion.com.ar\/diario\/wp-content\/uploads\/2019\/09\/german-martinez.2.jpg 768w, https:\/\/armstrongyregion.com.ar\/diario\/wp-content\/uploads\/2019\/09\/german-martinez.2-300x234.jpg 300w\" sizes=\"auto, (max-width: 768px) 100vw, 768px\" \/><\/a>En conferencia de prensa en un bar c\u00e9ntrico de nuestra localidad, y en el marco de la conmemoraci\u00f3n del D\u00eda de la Industria, Mart\u00ednez destac\u00f3 que \u201ccon Alberto Fern\u00e1ndez en la Presidencia, vamos a reconstruir la Argentina a partir de la producci\u00f3n y el trabajo\u201d.<br \/>\n\u201cEs un momento crucial para nuestro pa\u00eds. El 27 de octubre los argentinos elegiremos entre dos opciones bien definidas: un pa\u00eds dominado por las finanzas especulativas o una Argentina con producci\u00f3n, trabajo e inclusi\u00f3n\u201d, expres\u00f3 el candidato a diputado nacional.<br \/>\nAl tiempo que inst\u00f3 a \u201cconversar con cada santafesino y santafesina para acercar la propuesta del Frente de Todos a cada rinc\u00f3n de la provincia\u201d.<br \/>\n\u201cLa cabeza de nuestra lista Marcos Cleri nos pidi\u00f3 que recorramos cada lugar para avanzar en una agenda en com\u00fan con cada territorio\u201d, remarc\u00f3 Mart\u00ednez. \u201cVamos a estar al lado de cada regi\u00f3n y departamento, sumando esfuerzos para gestionar mejoras para nuestras comunidades\u201d, agreg\u00f3.<\/p>\n<p>Finalmente, el candidato del Frente de Todos destac\u00f3 la importancia de \u201chacer de cada lugar un espacio para so\u00f1ar con un futuro mejor. Por eso hoy recorrimos f\u00e1bricas, escuelas, centros culturales y casas de familia\u201d, finaliz\u00f3 diciendo el candidato a diputado nacional, Germ\u00e1n Mart\u00ednez.<\/p>\n","protected":false},"excerpt":{"rendered":"<p>El candidato a diputado nacional por el Frente de Todos, Germ\u00e1n Mart\u00ednez, realiz\u00f3 el lunes 02 de setiembre, una recorrida por el departamento Belgrano de la provincia de Santa Fe. Estuvo acompa\u00f1ado por el senador provincial Guillermo Cornaglia, junto a quien visit\u00f3 las ciudades de Armstrong, Las Parejas y Las Rosas. En conferencia de prensa <a href=\"https:\/\/armstrongyregion.com.ar\/diario\/german-martinez-de-recorrida-por-armstrong-y-la-region\/\" title=\"Read more\" >&#8230;<\/a><\/p>\n","protected":false},"author":1,"featured_media":22923,"comment_status":"open","ping_status":"open","sticky":false,"template":"","format":"standard","meta":{"_jetpack_memberships_contains_paid_content":false,"footnotes":"","jetpack_publicize_message":"","jetpack_publicize_feature_enabled":true,"jetpack_social_post_already_shared":false,"jetpack_social_options":{"image_generator_settings":{"template":"highway","default_image_id":0,"enabled":false},"version":2}},"categories":[8,1,2,7,3],"tags":[8310,8309],"class_list":["post-22922","post","type-post","status-publish","format-standard","has-post-thumbnail","hentry","category-deliberando","category-diario-armstrong","category-locales","category-politica","category-region","tag-de-recorrida-por-armstrong-y-la-region","tag-german-martinez"],"jetpack_publicize_connections":[],"jetpack_featured_media_url":"https:\/\/armstrongyregion.com.ar\/diario\/wp-content\/uploads\/2019\/09\/German-Martinez-septiembre-19.jpg","jetpack_shortlink":"https:\/\/wp.me\/p62QDO-5XI","jetpack_sharing_enabled":true,"amp_enabled":true,"_links":{"self":[{"href":"https:\/\/armstrongyregion.com.ar\/diario\/wp-json\/wp\/v2\/posts\/22922","targetHints":{"allow":["GET"]}}],"collection":[{"href":"https:\/\/armstrongyregion.com.ar\/diario\/wp-json\/wp\/v2\/posts"}],"about":[{"href":"https:\/\/armstrongyregion.com.ar\/diario\/wp-json\/wp\/v2\/types\/post"}],"author":[{"embeddable":true,"href":"https:\/\/armstrongyregion.com.ar\/diario\/wp-json\/wp\/v2\/users\/1"}],"replies":[{"embeddable":true,"href":"https:\/\/armstrongyregion.com.ar\/diario\/wp-json\/wp\/v2\/comments?post=22922"}],"version-history":[{"count":0,"href":"https:\/\/armstrongyregion.com.ar\/diario\/wp-json\/wp\/v2\/posts\/22922\/revisions"}],"wp:featuredmedia":[{"embeddable":true,"href":"https:\/\/armstrongyregion.com.ar\/diario\/wp-json\/wp\/v2\/media\/22923"}],"wp:attachment":[{"href":"https:\/\/armstrongyregion.com.ar\/diario\/wp-json\/wp\/v2\/media?parent=22922"}],"wp:term":[{"taxonomy":"category","embeddable":true,"href":"https:\/\/armstrongyregion.com.ar\/diario\/wp-json\/wp\/v2\/categories?post=22922"},{"taxonomy":"post_tag","embeddable":true,"href":"https:\/\/armstrongyregion.com.ar\/diario\/wp-json\/wp\/v2\/tags?post=22922"}],"curies":[{"name":"wp","href":"https:\/\/api.w.org\/{rel}","templated":true}]}}