{"id":22892,"date":"2019-09-03T02:25:09","date_gmt":"2019-09-03T02:25:09","guid":{"rendered":"https:\/\/armstrongyregion.com.ar\/diario\/?p=22892"},"modified":"2019-09-03T02:25:09","modified_gmt":"2019-09-03T02:25:09","slug":"direccion-de-promocion-comunitaria-responde-ante-un-proyecto-presentado-por-el-bloque-de-renovacion-por-armstrong","status":"publish","type":"post","link":"https:\/\/armstrongyregion.com.ar\/diario\/direccion-de-promocion-comunitaria-responde-ante-un-proyecto-presentado-por-el-bloque-de-renovacion-por-armstrong\/","title":{"rendered":"Direcci\u00f3n de Promoci\u00f3n Comunitaria responde ante un proyecto presentado por el bloque de Renovaci\u00f3n por Armstrong."},"content":{"rendered":"<p><a href=\"http:\/\/armstrongyregion.com.ar\/diario\/wp-content\/uploads\/2019\/09\/noelia-garcia-promocion.jpg\"><img loading=\"lazy\" decoding=\"async\" src=\"http:\/\/armstrongyregion.com.ar\/diario\/wp-content\/uploads\/2019\/09\/noelia-garcia-promocion.jpg\" alt=\"noelia-garcia-promocion\" width=\"768\" height=\"407\" class=\"alignnone size-full wp-image-22893\" srcset=\"https:\/\/armstrongyregion.com.ar\/diario\/wp-content\/uploads\/2019\/09\/noelia-garcia-promocion.jpg 768w, https:\/\/armstrongyregion.com.ar\/diario\/wp-content\/uploads\/2019\/09\/noelia-garcia-promocion-300x159.jpg 300w\" sizes=\"auto, (max-width: 768px) 100vw, 768px\" \/><\/a>Desde Direcci\u00f3n de Promoci\u00f3n Comunitaria respondieron a un proyecto de ordenanza presentado en el Concejo local por el bloque de Renovaci\u00f3n por Armstrong.<br \/>\nEl Municipio respondi\u00f3 a un pedido presentado por los ediles Emiliano Gramigna y Jesus Urquia en la ultima sesi\u00f3n del martes 27 de agosto, donde solicitan la creaci\u00f3n de un fondo para sustentar tratamientos oncol\u00f3gicos.<br \/>\n Noelia Garcia, explic\u00f3 que desde la Direcci\u00f3n de Promoci\u00f3n Comunitaria disponen de un presupuesto para todos los pacientes oncol\u00f3gicos, con enfermedades cr\u00f3nicas o con problemas de salud en general.<\/p>\n<p><iframe loading=\"lazy\" width=\"800\" height=\"600\" src=\"https:\/\/www.youtube.com\/embed\/VhE3-UbYK7U?feature=oembed\" frameborder=\"0\" allow=\"accelerometer; autoplay; encrypted-media; gyroscope; picture-in-picture\" allowfullscreen><\/iframe><\/p>\n<p>Fuente: Cable Imagen Armstrong. <\/p>\n","protected":false},"excerpt":{"rendered":"<p>Desde Direcci\u00f3n de Promoci\u00f3n Comunitaria respondieron a un proyecto de ordenanza presentado en el Concejo local por el bloque de Renovaci\u00f3n por Armstrong. El Municipio respondi\u00f3 a un pedido presentado por los ediles Emiliano Gramigna y Jesus Urquia en la ultima sesi\u00f3n del martes 27 de agosto, donde solicitan la creaci\u00f3n de un fondo para <a href=\"https:\/\/armstrongyregion.com.ar\/diario\/direccion-de-promocion-comunitaria-responde-ante-un-proyecto-presentado-por-el-bloque-de-renovacion-por-armstrong\/\" title=\"Read more\" >&#8230;<\/a><\/p>\n","protected":false},"author":1,"featured_media":22893,"comment_status":"open","ping_status":"open","sticky":false,"template":"","format":"standard","meta":{"_jetpack_memberships_contains_paid_content":false,"footnotes":"","jetpack_publicize_message":"","jetpack_publicize_feature_enabled":true,"jetpack_social_post_already_shared":false,"jetpack_social_options":{"image_generator_settings":{"template":"highway","default_image_id":0,"enabled":false},"version":2}},"categories":[8,1,2,7],"tags":[8301],"class_list":["post-22892","post","type-post","status-publish","format-standard","has-post-thumbnail","hentry","category-deliberando","category-diario-armstrong","category-locales","category-politica","tag-direccion-de-promocio-comunitaria-responde-ante-un-proyecto-presentado-por-el-bloque-de-renovacion-por-armstrong"],"jetpack_publicize_connections":[],"jetpack_featured_media_url":"https:\/\/armstrongyregion.com.ar\/diario\/wp-content\/uploads\/2019\/09\/noelia-garcia-promocion.jpg","jetpack_shortlink":"https:\/\/wp.me\/p62QDO-5Xe","jetpack_sharing_enabled":true,"amp_enabled":true,"_links":{"self":[{"href":"https:\/\/armstrongyregion.com.ar\/diario\/wp-json\/wp\/v2\/posts\/22892","targetHints":{"allow":["GET"]}}],"collection":[{"href":"https:\/\/armstrongyregion.com.ar\/diario\/wp-json\/wp\/v2\/posts"}],"about":[{"href":"https:\/\/armstrongyregion.com.ar\/diario\/wp-json\/wp\/v2\/types\/post"}],"author":[{"embeddable":true,"href":"https:\/\/armstrongyregion.com.ar\/diario\/wp-json\/wp\/v2\/users\/1"}],"replies":[{"embeddable":true,"href":"https:\/\/armstrongyregion.com.ar\/diario\/wp-json\/wp\/v2\/comments?post=22892"}],"version-history":[{"count":0,"href":"https:\/\/armstrongyregion.com.ar\/diario\/wp-json\/wp\/v2\/posts\/22892\/revisions"}],"wp:featuredmedia":[{"embeddable":true,"href":"https:\/\/armstrongyregion.com.ar\/diario\/wp-json\/wp\/v2\/media\/22893"}],"wp:attachment":[{"href":"https:\/\/armstrongyregion.com.ar\/diario\/wp-json\/wp\/v2\/media?parent=22892"}],"wp:term":[{"taxonomy":"category","embeddable":true,"href":"https:\/\/armstrongyregion.com.ar\/diario\/wp-json\/wp\/v2\/categories?post=22892"},{"taxonomy":"post_tag","embeddable":true,"href":"https:\/\/armstrongyregion.com.ar\/diario\/wp-json\/wp\/v2\/tags?post=22892"}],"curies":[{"name":"wp","href":"https:\/\/api.w.org\/{rel}","templated":true}]}}