{"id":22872,"date":"2019-08-30T10:04:37","date_gmt":"2019-08-30T10:04:37","guid":{"rendered":"https:\/\/armstrongyregion.com.ar\/diario\/?p=22872"},"modified":"2019-08-30T10:04:37","modified_gmt":"2019-08-30T10:04:37","slug":"paritarias-de-docentes-y-estatales-santa-fe-mantiene-la-clausula-gatillo","status":"publish","type":"post","link":"https:\/\/armstrongyregion.com.ar\/diario\/paritarias-de-docentes-y-estatales-santa-fe-mantiene-la-clausula-gatillo\/","title":{"rendered":"Paritarias de docentes y estatales: Santa Fe mantiene la cl\u00e1usula gatillo."},"content":{"rendered":"<p><a href=\"http:\/\/armstrongyregion.com.ar\/diario\/wp-content\/uploads\/2019\/08\/clxusula_gatillo_.jpg_1756841869.jpg\"><img loading=\"lazy\" decoding=\"async\" class=\"alignnone size-full wp-image-22873\" src=\"http:\/\/armstrongyregion.com.ar\/diario\/wp-content\/uploads\/2019\/08\/clxusula_gatillo_.jpg_1756841869.jpg\" alt=\"clxusula_gatillo_.jpg_1756841869\" width=\"800\" height=\"450\" srcset=\"https:\/\/armstrongyregion.com.ar\/diario\/wp-content\/uploads\/2019\/08\/clxusula_gatillo_.jpg_1756841869.jpg 800w, https:\/\/armstrongyregion.com.ar\/diario\/wp-content\/uploads\/2019\/08\/clxusula_gatillo_.jpg_1756841869-300x169.jpg 300w\" sizes=\"auto, (max-width: 800px) 100vw, 800px\" \/><\/a>l gobierno confirm\u00f3 a los gremios que los sueldos de agosto ya se liquidaron con la actualizaci\u00f3n autom\u00e1tica por inflaci\u00f3n, sin considerar la ca\u00edda de recursos. La discusi\u00f3n seguir\u00e1 abierta para los pr\u00f3ximos meses.<\/p>\n<p>Ante la situaci\u00f3n de\u00a0<strong>fuerte incertidumbre econ\u00f3mica<\/strong>\u00a0que vive el pa\u00eds, representantes de los\u00a0<strong>gremios estatales santafesinos se fueron de Casa de Gobierno con la garant\u00eda de que los empleados p\u00fablicos y docentes cobrar\u00e1n el sueldo de agosto con el incremento correspondiente al \u00edndice de inflaci\u00f3n.<\/strong><\/p>\n<p>Es decir, que<strong>\u00a0la cl\u00e1usula gatillo, de actualizaci\u00f3n autom\u00e1tica, contin\u00faa en plena vigencia, frente a la ca\u00edda de recursos prevista para el pr\u00f3ximo cuatrimestre, del orden de los 10 mil millones de pesos.<\/strong><\/p>\n<p>La cifra\u00a0surge de sumar el aporte que la Naci\u00f3n deber\u00eda haber girado para compensar el\u00a0<strong>d\u00e9ficit de la Caja de Jubilaciones<\/strong>\u00a0\u2013aunque todav\u00eda no lo hizo\u2013 de 5.800 millones de pesos; m\u00e1s los 4 mil millones de<strong>\u00a0retracci\u00f3n<\/strong>que se estima como resultado de las\u00a0<strong>reducciones en el IVA y en el Impuesto a las Ganancias<\/strong>, conceptos por los cuales las provincias tambi\u00e9n est\u00e1n pidiendo compensaci\u00f3n. Todo, en un contexto de fuerte ca\u00edda de la actividad econ\u00f3mica.<\/p>\n<p>\u201cVenimos viendo una\u00a0<strong>baja importante en las transferencias de coparticipaci\u00f3n y en la recaudaci\u00f3n<\/strong>\u201d, dificultades que se suman los dos conceptos antes mencionados\u201d, se\u00f1al\u00f3 el\u00a0<strong>ministro de Gobierno, Pablo Far\u00edas.<\/strong><\/p>\n<p>\u201cEntonces, frente a esos casi 10 mil millones de pesos menos, advertimos a los gremios que\u00a0<strong>si bien este mes est\u00e1 garantizada la actualizaci\u00f3n salarial autom\u00e1tica, en los pr\u00f3ximos meses vamos a tener que hacer una evaluaci\u00f3n, ir viendo c\u00f3mo se desarrollan las finanzas. Queremos seguir cumpliendo con lo que nos hemos comprometido en paritarias, pero responsablemente los hemos llamado para seguir monitoreando en conjunto la evoluci\u00f3n de la econom\u00eda en los pr\u00f3ximos meses\u201d, resumi\u00f3 Far\u00edas.<\/strong><\/p>\n<div id=\"lx_645914\" class=\"__lxG__multi __lxG__multi_lx_645914\">\n<div data-lxpresource=\"1\"><\/div>\n<p>El<strong>\u00a0ministro de Econom\u00eda, Gonzalo Saglione<\/strong>, corrobor\u00f3 que \u201clos n\u00fameros de<strong>\u00a0la evoluci\u00f3n de los recursos est\u00e1n muy por debajo de lo que fue la inflaci\u00f3n a la fecha<\/strong>. Con una inflaci\u00f3n acumulada interanual del 55% o 56 %, los recursos tributarios crecieron en un 43%, con lo que tuvieron una importante ca\u00edda en t\u00e9rminos reales.<\/p>\n<p>\u201cV\u00eda cl\u00e1usula gatillo, nosotros logramos sostener la capacidad de compra del salario del trabajador p\u00fablico, a\u00fan con recursos muy por debajo. La verdad es que la evoluci\u00f3n de los recursos no difiere mucho de lo que ten\u00edamos previsto cuando se hizo el acuerdo salarial. Lo nuevo es lo que no pod\u00edamos prever en febrero-marzo, que son los incumplimientos nacionales y las nuevas medidas tras el resultado de las Paso\u201d, insisti\u00f3 el funcionario.<\/p>\n<p>En relaci\u00f3n con lo hablado con los gremios, los representantes oficiales confirmaron que\u00a0<strong>\u201chay una cl\u00e1usula gatillo firmada, como tambi\u00e9n una cl\u00e1usula de revisi\u00f3n en el mes de agosto. Hoy no est\u00e1 en agenda una modificaci\u00f3n, s\u00ed la necesidad de reconocer que hay elementos que no ten\u00edamos en cuenta en su momento, y que no podemos ignorar\u201d.<\/strong><\/p>\n<p>La\u00a0<strong>reacci\u00f3n de los referentes gremiales<\/strong>, en tanto, fue coincidente en el sentido de la\u00a0<strong>\u201ctranquilidad\u201d por el mantenimiento de la cl\u00e1usula gatillo<\/strong>, tanto como la vocaci\u00f3n de<strong>\u00a0exigir su cumplimiento si el mismo llegara a ponerse en duda.<\/strong><\/p>\n<p>Todos\u00a0<strong>coincidieron en reconocer la complejidad de la situaci\u00f3n financiera de la provincia, y tambi\u00e9n en responsabilizar al gobierno nacional por la situaci\u00f3n.<\/strong><\/p>\n<p>www.rosario3.com<\/p>\n<div id=\"lx_645914\" class=\"__lxG__multi __lxG__multi_lx_645914\" data-cnt=\"2\"><\/div>\n<\/div>\n","protected":false},"excerpt":{"rendered":"<p>l gobierno confirm\u00f3 a los gremios que los sueldos de agosto ya se liquidaron con la actualizaci\u00f3n autom\u00e1tica por inflaci\u00f3n, sin considerar la ca\u00edda de recursos. La discusi\u00f3n seguir\u00e1 abierta para los pr\u00f3ximos meses. Ante la situaci\u00f3n de\u00a0fuerte incertidumbre econ\u00f3mica\u00a0que vive el pa\u00eds, representantes de los\u00a0gremios estatales santafesinos se fueron de Casa de Gobierno con <a href=\"https:\/\/armstrongyregion.com.ar\/diario\/paritarias-de-docentes-y-estatales-santa-fe-mantiene-la-clausula-gatillo\/\" title=\"Read more\" >&#8230;<\/a><\/p>\n","protected":false},"author":1,"featured_media":22873,"comment_status":"open","ping_status":"open","sticky":false,"template":"","format":"standard","meta":{"_jetpack_memberships_contains_paid_content":false,"footnotes":"","jetpack_publicize_message":"","jetpack_publicize_feature_enabled":true,"jetpack_social_post_already_shared":false,"jetpack_social_options":{"image_generator_settings":{"template":"highway","default_image_id":0,"enabled":false},"version":2}},"categories":[8,1,2,7,3],"tags":[8294],"class_list":["post-22872","post","type-post","status-publish","format-standard","has-post-thumbnail","hentry","category-deliberando","category-diario-armstrong","category-locales","category-politica","category-region","tag-paritarias-de-docentes-y-estatales-santa-fe-mantiene-la-clausula-gatillo"],"jetpack_publicize_connections":[],"jetpack_featured_media_url":"https:\/\/armstrongyregion.com.ar\/diario\/wp-content\/uploads\/2019\/08\/clxusula_gatillo_.jpg_1756841869.jpg","jetpack_shortlink":"https:\/\/wp.me\/p62QDO-5WU","jetpack_sharing_enabled":true,"amp_enabled":true,"_links":{"self":[{"href":"https:\/\/armstrongyregion.com.ar\/diario\/wp-json\/wp\/v2\/posts\/22872","targetHints":{"allow":["GET"]}}],"collection":[{"href":"https:\/\/armstrongyregion.com.ar\/diario\/wp-json\/wp\/v2\/posts"}],"about":[{"href":"https:\/\/armstrongyregion.com.ar\/diario\/wp-json\/wp\/v2\/types\/post"}],"author":[{"embeddable":true,"href":"https:\/\/armstrongyregion.com.ar\/diario\/wp-json\/wp\/v2\/users\/1"}],"replies":[{"embeddable":true,"href":"https:\/\/armstrongyregion.com.ar\/diario\/wp-json\/wp\/v2\/comments?post=22872"}],"version-history":[{"count":0,"href":"https:\/\/armstrongyregion.com.ar\/diario\/wp-json\/wp\/v2\/posts\/22872\/revisions"}],"wp:featuredmedia":[{"embeddable":true,"href":"https:\/\/armstrongyregion.com.ar\/diario\/wp-json\/wp\/v2\/media\/22873"}],"wp:attachment":[{"href":"https:\/\/armstrongyregion.com.ar\/diario\/wp-json\/wp\/v2\/media?parent=22872"}],"wp:term":[{"taxonomy":"category","embeddable":true,"href":"https:\/\/armstrongyregion.com.ar\/diario\/wp-json\/wp\/v2\/categories?post=22872"},{"taxonomy":"post_tag","embeddable":true,"href":"https:\/\/armstrongyregion.com.ar\/diario\/wp-json\/wp\/v2\/tags?post=22872"}],"curies":[{"name":"wp","href":"https:\/\/api.w.org\/{rel}","templated":true}]}}