{"id":22869,"date":"2019-08-30T09:59:31","date_gmt":"2019-08-30T09:59:31","guid":{"rendered":"https:\/\/armstrongyregion.com.ar\/diario\/?p=22869"},"modified":"2019-08-30T09:59:31","modified_gmt":"2019-08-30T09:59:31","slug":"domingo-8-de-septiembre-feria-en-el-bracito-fuerte","status":"publish","type":"post","link":"https:\/\/armstrongyregion.com.ar\/diario\/domingo-8-de-septiembre-feria-en-el-bracito-fuerte\/","title":{"rendered":"Domingo 8 de septiembre, feria en el Bracito Fuerte."},"content":{"rendered":"<p><a href=\"http:\/\/armstrongyregion.com.ar\/diario\/wp-content\/uploads\/2019\/08\/feria_8_sept_2019_ok.jpg\"><img loading=\"lazy\" decoding=\"async\" class=\"alignnone size-full wp-image-22870\" src=\"http:\/\/armstrongyregion.com.ar\/diario\/wp-content\/uploads\/2019\/08\/feria_8_sept_2019_ok.jpg\" alt=\"feria_8_sept_2019_ok\" width=\"768\" height=\"576\" srcset=\"https:\/\/armstrongyregion.com.ar\/diario\/wp-content\/uploads\/2019\/08\/feria_8_sept_2019_ok.jpg 768w, https:\/\/armstrongyregion.com.ar\/diario\/wp-content\/uploads\/2019\/08\/feria_8_sept_2019_ok-300x225.jpg 300w\" sizes=\"auto, (max-width: 768px) 100vw, 768px\" \/><\/a>La Municipalidad de Armstrong invita a participar de una nueva tarde de feria junto a los integrantes de Sabores y Colores Locales, el domingo 8 de septiembre desde las 14:30 hs. en el parque recreativo Bracito Fuerte.<\/p>\n<p>En el sector del paseo artesanal estar\u00e1n present\u00e1ndose m\u00e1s de 40 emprendedores de nuestra ciudad y la regi\u00f3n, con sus novedosos productos para la venta y una importante oferta con una gran variedad de creaciones art\u00edsticas en distintos materiales.<\/p>\n<p>Se brindar\u00e1 una clase abierta de salsa y demostraci\u00f3n a cargo del Grupo Sol Ca\u00f1ada de G\u00f3mez.<\/p>\n<p>Como siempre habr\u00e1 buffet, sorteos, m\u00fasica y diversi\u00f3n en este paseo para toda la familia.<\/p>\n<p>Se suspende por lluvia.<\/p>\n","protected":false},"excerpt":{"rendered":"<p>La Municipalidad de Armstrong invita a participar de una nueva tarde de feria junto a los integrantes de Sabores y Colores Locales, el domingo 8 de septiembre desde las 14:30 hs. en el parque recreativo Bracito Fuerte. En el sector del paseo artesanal estar\u00e1n present\u00e1ndose m\u00e1s de 40 emprendedores de nuestra ciudad y la regi\u00f3n, <a href=\"https:\/\/armstrongyregion.com.ar\/diario\/domingo-8-de-septiembre-feria-en-el-bracito-fuerte\/\" title=\"Read more\" >&#8230;<\/a><\/p>\n","protected":false},"author":1,"featured_media":22870,"comment_status":"open","ping_status":"open","sticky":false,"template":"","format":"standard","meta":{"_jetpack_memberships_contains_paid_content":false,"footnotes":"","jetpack_publicize_message":"","jetpack_publicize_feature_enabled":true,"jetpack_social_post_already_shared":false,"jetpack_social_options":{"image_generator_settings":{"template":"highway","default_image_id":0,"enabled":false},"version":2}},"categories":[6,8,1,2,3],"tags":[8292,8293],"class_list":["post-22869","post","type-post","status-publish","format-standard","has-post-thumbnail","hentry","category-cultura-entretenimiento","category-deliberando","category-diario-armstrong","category-locales","category-region","tag-domingo-8-de-septiembre","tag-feria-en-el-bracito-fuerte"],"jetpack_publicize_connections":[],"jetpack_featured_media_url":"https:\/\/armstrongyregion.com.ar\/diario\/wp-content\/uploads\/2019\/08\/feria_8_sept_2019_ok.jpg","jetpack_shortlink":"https:\/\/wp.me\/p62QDO-5WR","jetpack_sharing_enabled":true,"amp_enabled":true,"_links":{"self":[{"href":"https:\/\/armstrongyregion.com.ar\/diario\/wp-json\/wp\/v2\/posts\/22869","targetHints":{"allow":["GET"]}}],"collection":[{"href":"https:\/\/armstrongyregion.com.ar\/diario\/wp-json\/wp\/v2\/posts"}],"about":[{"href":"https:\/\/armstrongyregion.com.ar\/diario\/wp-json\/wp\/v2\/types\/post"}],"author":[{"embeddable":true,"href":"https:\/\/armstrongyregion.com.ar\/diario\/wp-json\/wp\/v2\/users\/1"}],"replies":[{"embeddable":true,"href":"https:\/\/armstrongyregion.com.ar\/diario\/wp-json\/wp\/v2\/comments?post=22869"}],"version-history":[{"count":0,"href":"https:\/\/armstrongyregion.com.ar\/diario\/wp-json\/wp\/v2\/posts\/22869\/revisions"}],"wp:featuredmedia":[{"embeddable":true,"href":"https:\/\/armstrongyregion.com.ar\/diario\/wp-json\/wp\/v2\/media\/22870"}],"wp:attachment":[{"href":"https:\/\/armstrongyregion.com.ar\/diario\/wp-json\/wp\/v2\/media?parent=22869"}],"wp:term":[{"taxonomy":"category","embeddable":true,"href":"https:\/\/armstrongyregion.com.ar\/diario\/wp-json\/wp\/v2\/categories?post=22869"},{"taxonomy":"post_tag","embeddable":true,"href":"https:\/\/armstrongyregion.com.ar\/diario\/wp-json\/wp\/v2\/tags?post=22869"}],"curies":[{"name":"wp","href":"https:\/\/api.w.org\/{rel}","templated":true}]}}