{"id":22860,"date":"2019-08-30T09:43:42","date_gmt":"2019-08-30T09:43:42","guid":{"rendered":"https:\/\/armstrongyregion.com.ar\/diario\/?p=22860"},"modified":"2019-08-30T09:43:42","modified_gmt":"2019-08-30T09:43:42","slug":"disertacion-de-pablo-di-tomaso-en-la-rioja","status":"publish","type":"post","link":"https:\/\/armstrongyregion.com.ar\/diario\/disertacion-de-pablo-di-tomaso-en-la-rioja\/","title":{"rendered":"Disertaci\u00f3n de Pablo Di Tomaso en La Rioja."},"content":{"rendered":"<div dir=\"ltr\"><a href=\"http:\/\/armstrongyregion.com.ar\/diario\/wp-content\/uploads\/2019\/08\/pablo-dito-agosto-19.jpg\"><img loading=\"lazy\" decoding=\"async\" class=\"alignnone size-full wp-image-22861\" src=\"http:\/\/armstrongyregion.com.ar\/diario\/wp-content\/uploads\/2019\/08\/pablo-dito-agosto-19.jpg\" alt=\"pablo-dito-agosto-19\" width=\"715\" height=\"500\" srcset=\"https:\/\/armstrongyregion.com.ar\/diario\/wp-content\/uploads\/2019\/08\/pablo-dito-agosto-19.jpg 715w, https:\/\/armstrongyregion.com.ar\/diario\/wp-content\/uploads\/2019\/08\/pablo-dito-agosto-19-300x210.jpg 300w\" sizes=\"auto, (max-width: 715px) 100vw, 715px\" \/><\/a>El Coordinador de los Museos de nuestra ciudad disertar\u00e1 sobre la vida del Padre Armando Amirati el pr\u00f3ximo mi\u00e9rcoles 4 de septiembre en la localidad de Olta, provincia de La Rioja.<\/div>\n<div dir=\"ltr\">Invitado por el municipio riojano del Departamento Belgrano, Di Tomaso presentar\u00e1 el trabajo audiovisual realizado por la Municipalidad de Ca\u00f1ada de G\u00f3mez en el a\u00f1o 2013 y disertar\u00e1 sobre la vida de Amirati en el per\u00edodo que vivi\u00f3 en nuestra ciudad.<\/div>\n<div dir=\"ltr\">\u00abSiento una profunda emoci\u00f3n, y a la vez una responsabilidad enorme, representar a mi ciudad en la localidad donde Amirati dej\u00f3 huellas tan profunda y c\u00e1lidas como las que dej\u00f3 en Ca\u00f1ada de G\u00f3mez. Esto es gracias al apoyo que la gesti\u00f3n de la Dra. Stella Maris Cl\u00e9rici realiza a todo el trabajo que venimos haciendo en esta nueva etapa del Museo Hist\u00f3rico Municipal\u00bb, expres\u00f3 el actual conductor de la entidad fundada en 1981 y que refuncionalizar\u00e1 su labor a partir del a\u00f1o 2012 cuando le toc\u00f3 asumir el cargo de Coordinador de Museos y Patrimonios.<\/div>\n<div dir=\"ltr\">La actividad est\u00e1 enmarcada en los festejos del aniversario de Olta, el lugar donde descansan los restos de Armando Amirati y adem\u00e1s, nuestro querido sacerdote, fue p\u00e1rroco y gu\u00eda espiritual de varias generaciones.<\/div>\n","protected":false},"excerpt":{"rendered":"<p>El Coordinador de los Museos de nuestra ciudad disertar\u00e1 sobre la vida del Padre Armando Amirati el pr\u00f3ximo mi\u00e9rcoles 4 de septiembre en la localidad de Olta, provincia de La Rioja. Invitado por el municipio riojano del Departamento Belgrano, Di Tomaso presentar\u00e1 el trabajo audiovisual realizado por la Municipalidad de Ca\u00f1ada de G\u00f3mez en el <a href=\"https:\/\/armstrongyregion.com.ar\/diario\/disertacion-de-pablo-di-tomaso-en-la-rioja\/\" title=\"Read more\" >&#8230;<\/a><\/p>\n","protected":false},"author":1,"featured_media":22861,"comment_status":"open","ping_status":"open","sticky":false,"template":"","format":"standard","meta":{"_jetpack_memberships_contains_paid_content":false,"footnotes":"","jetpack_publicize_message":"","jetpack_publicize_feature_enabled":true,"jetpack_social_post_already_shared":false,"jetpack_social_options":{"image_generator_settings":{"template":"highway","default_image_id":0,"enabled":false},"version":2}},"categories":[6,8,1,2,7,3],"tags":[8289],"class_list":["post-22860","post","type-post","status-publish","format-standard","has-post-thumbnail","hentry","category-cultura-entretenimiento","category-deliberando","category-diario-armstrong","category-locales","category-politica","category-region","tag-disertacion-de-pablo-di-tomaso-en-la-rioja"],"jetpack_publicize_connections":[],"jetpack_featured_media_url":"https:\/\/armstrongyregion.com.ar\/diario\/wp-content\/uploads\/2019\/08\/pablo-dito-agosto-19.jpg","jetpack_shortlink":"https:\/\/wp.me\/p62QDO-5WI","jetpack_sharing_enabled":true,"amp_enabled":true,"_links":{"self":[{"href":"https:\/\/armstrongyregion.com.ar\/diario\/wp-json\/wp\/v2\/posts\/22860","targetHints":{"allow":["GET"]}}],"collection":[{"href":"https:\/\/armstrongyregion.com.ar\/diario\/wp-json\/wp\/v2\/posts"}],"about":[{"href":"https:\/\/armstrongyregion.com.ar\/diario\/wp-json\/wp\/v2\/types\/post"}],"author":[{"embeddable":true,"href":"https:\/\/armstrongyregion.com.ar\/diario\/wp-json\/wp\/v2\/users\/1"}],"replies":[{"embeddable":true,"href":"https:\/\/armstrongyregion.com.ar\/diario\/wp-json\/wp\/v2\/comments?post=22860"}],"version-history":[{"count":0,"href":"https:\/\/armstrongyregion.com.ar\/diario\/wp-json\/wp\/v2\/posts\/22860\/revisions"}],"wp:featuredmedia":[{"embeddable":true,"href":"https:\/\/armstrongyregion.com.ar\/diario\/wp-json\/wp\/v2\/media\/22861"}],"wp:attachment":[{"href":"https:\/\/armstrongyregion.com.ar\/diario\/wp-json\/wp\/v2\/media?parent=22860"}],"wp:term":[{"taxonomy":"category","embeddable":true,"href":"https:\/\/armstrongyregion.com.ar\/diario\/wp-json\/wp\/v2\/categories?post=22860"},{"taxonomy":"post_tag","embeddable":true,"href":"https:\/\/armstrongyregion.com.ar\/diario\/wp-json\/wp\/v2\/tags?post=22860"}],"curies":[{"name":"wp","href":"https:\/\/api.w.org\/{rel}","templated":true}]}}