{"id":22833,"date":"2019-08-29T12:29:22","date_gmt":"2019-08-29T12:29:22","guid":{"rendered":"https:\/\/armstrongyregion.com.ar\/diario\/?p=22833"},"modified":"2019-08-29T12:29:22","modified_gmt":"2019-08-29T12:29:22","slug":"encuentro-sobre-feminismo-a-cargo-prof-vero-correa","status":"publish","type":"post","link":"https:\/\/armstrongyregion.com.ar\/diario\/encuentro-sobre-feminismo-a-cargo-prof-vero-correa\/","title":{"rendered":"Encuentro sobre \u00abFeminismo\u00bb a cargo Prof. Vero Correa."},"content":{"rendered":"<p><a href=\"http:\/\/armstrongyregion.com.ar\/diario\/wp-content\/uploads\/2019\/08\/feministas-.jpg\"><img loading=\"lazy\" decoding=\"async\" class=\"alignnone size-full wp-image-22834\" src=\"http:\/\/armstrongyregion.com.ar\/diario\/wp-content\/uploads\/2019\/08\/feministas-.jpg\" alt=\"feministas-\" width=\"947\" height=\"960\" srcset=\"https:\/\/armstrongyregion.com.ar\/diario\/wp-content\/uploads\/2019\/08\/feministas-.jpg 947w, https:\/\/armstrongyregion.com.ar\/diario\/wp-content\/uploads\/2019\/08\/feministas--296x300.jpg 296w\" sizes=\"auto, (max-width: 947px) 100vw, 947px\" \/><\/a>El grupo \u00abVoces Feministas\u00bb invita a todas las mujeres a participar de un encuentro sobre feminismo, donde van a hablar sobre la historia del movimiento con la profesora Ver\u00f3nica Correa. La invitaci\u00f3n es para el s\u00e1bado 31 a las 18 hs. en el bar \u00abLa Luna\u00bb, se va a contar con un cierre musical.<\/p>\n","protected":false},"excerpt":{"rendered":"<p>El grupo \u00abVoces Feministas\u00bb invita a todas las mujeres a participar de un encuentro sobre feminismo, donde van a hablar sobre la historia del movimiento con la profesora Ver\u00f3nica Correa. La invitaci\u00f3n es para el s\u00e1bado 31 a las 18 hs. en el bar \u00abLa Luna\u00bb, se va a contar con un cierre musical.<\/p>\n","protected":false},"author":1,"featured_media":22834,"comment_status":"open","ping_status":"open","sticky":false,"template":"","format":"standard","meta":{"_jetpack_memberships_contains_paid_content":false,"footnotes":"","jetpack_publicize_message":"","jetpack_publicize_feature_enabled":true,"jetpack_social_post_already_shared":false,"jetpack_social_options":{"image_generator_settings":{"template":"highway","default_image_id":0,"enabled":false},"version":2}},"categories":[8,1,7,3],"tags":[8279],"class_list":["post-22833","post","type-post","status-publish","format-standard","has-post-thumbnail","hentry","category-deliberando","category-diario-armstrong","category-politica","category-region","tag-encuentro-sobre-feminismo-a-cargo-prof-vero-correa"],"jetpack_publicize_connections":[],"jetpack_featured_media_url":"https:\/\/armstrongyregion.com.ar\/diario\/wp-content\/uploads\/2019\/08\/feministas-.jpg","jetpack_shortlink":"https:\/\/wp.me\/p62QDO-5Wh","jetpack_sharing_enabled":true,"amp_enabled":true,"_links":{"self":[{"href":"https:\/\/armstrongyregion.com.ar\/diario\/wp-json\/wp\/v2\/posts\/22833","targetHints":{"allow":["GET"]}}],"collection":[{"href":"https:\/\/armstrongyregion.com.ar\/diario\/wp-json\/wp\/v2\/posts"}],"about":[{"href":"https:\/\/armstrongyregion.com.ar\/diario\/wp-json\/wp\/v2\/types\/post"}],"author":[{"embeddable":true,"href":"https:\/\/armstrongyregion.com.ar\/diario\/wp-json\/wp\/v2\/users\/1"}],"replies":[{"embeddable":true,"href":"https:\/\/armstrongyregion.com.ar\/diario\/wp-json\/wp\/v2\/comments?post=22833"}],"version-history":[{"count":0,"href":"https:\/\/armstrongyregion.com.ar\/diario\/wp-json\/wp\/v2\/posts\/22833\/revisions"}],"wp:featuredmedia":[{"embeddable":true,"href":"https:\/\/armstrongyregion.com.ar\/diario\/wp-json\/wp\/v2\/media\/22834"}],"wp:attachment":[{"href":"https:\/\/armstrongyregion.com.ar\/diario\/wp-json\/wp\/v2\/media?parent=22833"}],"wp:term":[{"taxonomy":"category","embeddable":true,"href":"https:\/\/armstrongyregion.com.ar\/diario\/wp-json\/wp\/v2\/categories?post=22833"},{"taxonomy":"post_tag","embeddable":true,"href":"https:\/\/armstrongyregion.com.ar\/diario\/wp-json\/wp\/v2\/tags?post=22833"}],"curies":[{"name":"wp","href":"https:\/\/api.w.org\/{rel}","templated":true}]}}