{"id":22809,"date":"2019-08-28T13:02:51","date_gmt":"2019-08-28T13:02:51","guid":{"rendered":"https:\/\/armstrongyregion.com.ar\/diario\/?p=22809"},"modified":"2019-08-28T13:02:51","modified_gmt":"2019-08-28T13:02:51","slug":"llega-el-primer-encuentro-big-band-correa-2019","status":"publish","type":"post","link":"https:\/\/armstrongyregion.com.ar\/diario\/llega-el-primer-encuentro-big-band-correa-2019\/","title":{"rendered":"Llega el primer encuentro Big Band Correa 2019."},"content":{"rendered":"<div id=\"attachment_22810\" style=\"width: 510px\" class=\"wp-caption alignnone\"><a href=\"http:\/\/armstrongyregion.com.ar\/diario\/wp-content\/uploads\/2019\/08\/Big-Band.jpg\"><img loading=\"lazy\" decoding=\"async\" aria-describedby=\"caption-attachment-22810\" class=\"size-full wp-image-22810\" src=\"http:\/\/armstrongyregion.com.ar\/diario\/wp-content\/uploads\/2019\/08\/Big-Band.jpg\" alt=\"Imprimir\" width=\"500\" height=\"500\" srcset=\"https:\/\/armstrongyregion.com.ar\/diario\/wp-content\/uploads\/2019\/08\/Big-Band.jpg 500w, https:\/\/armstrongyregion.com.ar\/diario\/wp-content\/uploads\/2019\/08\/Big-Band-150x150.jpg 150w, https:\/\/armstrongyregion.com.ar\/diario\/wp-content\/uploads\/2019\/08\/Big-Band-300x300.jpg 300w, https:\/\/armstrongyregion.com.ar\/diario\/wp-content\/uploads\/2019\/08\/Big-Band-144x144.jpg 144w\" sizes=\"auto, (max-width: 500px) 100vw, 500px\" \/><\/a><p id=\"caption-attachment-22810\" class=\"wp-caption-text\">Imprimir<\/p><\/div>\n<p style=\"font-weight: 400;\">Con la participaci\u00f3n de artistas de toda la regi\u00f3n, el domingo 1 de septiembre, desde las 19.30 hs. en el Centro Cultural Villa Angela se llevar\u00e1 a cabo el primer encuentro Big Band Correa 2019 con la organizaci\u00f3n de la Comuna de Correa, el Concejo de Cultura y Educaci\u00f3n y la Escuela Comunal de M\u00fasica.<\/p>\n<p style=\"font-weight: 400;\">Big Band Municipal de Carcara\u00f1a, la Orquesta Municipal de Ca\u00f1ada de G\u00f3mez y Big Band Escuela de M\u00fasica Comunal de nuestro pueblo ser\u00e1n los protagonistas de este evento sin precedentes.<\/p>\n<p style=\"font-weight: 400;\">Entrada libre y gratuita.<\/p>\n","protected":false},"excerpt":{"rendered":"<p>Con la participaci\u00f3n de artistas de toda la regi\u00f3n, el domingo 1 de septiembre, desde las 19.30 hs. en el Centro Cultural Villa Angela se llevar\u00e1 a cabo el primer encuentro Big Band Correa 2019 con la organizaci\u00f3n de la Comuna de Correa, el Concejo de Cultura y Educaci\u00f3n y la Escuela Comunal de M\u00fasica. <a href=\"https:\/\/armstrongyregion.com.ar\/diario\/llega-el-primer-encuentro-big-band-correa-2019\/\" title=\"Read more\" >&#8230;<\/a><\/p>\n","protected":false},"author":1,"featured_media":22810,"comment_status":"open","ping_status":"open","sticky":false,"template":"","format":"standard","meta":{"_jetpack_memberships_contains_paid_content":false,"footnotes":"","jetpack_publicize_message":"","jetpack_publicize_feature_enabled":true,"jetpack_social_post_already_shared":false,"jetpack_social_options":{"image_generator_settings":{"template":"highway","default_image_id":0,"enabled":false},"version":2}},"categories":[6,8,1,7,3],"tags":[8273],"class_list":["post-22809","post","type-post","status-publish","format-standard","has-post-thumbnail","hentry","category-cultura-entretenimiento","category-deliberando","category-diario-armstrong","category-politica","category-region","tag-llega-el-primer-encuentro-big-band-correa-2019"],"jetpack_publicize_connections":[],"jetpack_featured_media_url":"https:\/\/armstrongyregion.com.ar\/diario\/wp-content\/uploads\/2019\/08\/Big-Band.jpg","jetpack_shortlink":"https:\/\/wp.me\/p62QDO-5VT","jetpack_sharing_enabled":true,"amp_enabled":true,"_links":{"self":[{"href":"https:\/\/armstrongyregion.com.ar\/diario\/wp-json\/wp\/v2\/posts\/22809","targetHints":{"allow":["GET"]}}],"collection":[{"href":"https:\/\/armstrongyregion.com.ar\/diario\/wp-json\/wp\/v2\/posts"}],"about":[{"href":"https:\/\/armstrongyregion.com.ar\/diario\/wp-json\/wp\/v2\/types\/post"}],"author":[{"embeddable":true,"href":"https:\/\/armstrongyregion.com.ar\/diario\/wp-json\/wp\/v2\/users\/1"}],"replies":[{"embeddable":true,"href":"https:\/\/armstrongyregion.com.ar\/diario\/wp-json\/wp\/v2\/comments?post=22809"}],"version-history":[{"count":0,"href":"https:\/\/armstrongyregion.com.ar\/diario\/wp-json\/wp\/v2\/posts\/22809\/revisions"}],"wp:featuredmedia":[{"embeddable":true,"href":"https:\/\/armstrongyregion.com.ar\/diario\/wp-json\/wp\/v2\/media\/22810"}],"wp:attachment":[{"href":"https:\/\/armstrongyregion.com.ar\/diario\/wp-json\/wp\/v2\/media?parent=22809"}],"wp:term":[{"taxonomy":"category","embeddable":true,"href":"https:\/\/armstrongyregion.com.ar\/diario\/wp-json\/wp\/v2\/categories?post=22809"},{"taxonomy":"post_tag","embeddable":true,"href":"https:\/\/armstrongyregion.com.ar\/diario\/wp-json\/wp\/v2\/tags?post=22809"}],"curies":[{"name":"wp","href":"https:\/\/api.w.org\/{rel}","templated":true}]}}