{"id":22804,"date":"2019-08-27T15:46:20","date_gmt":"2019-08-27T15:46:20","guid":{"rendered":"https:\/\/armstrongyregion.com.ar\/diario\/?p=22804"},"modified":"2019-08-27T15:46:20","modified_gmt":"2019-08-27T15:46:20","slug":"armstrong-orden-del-dia-27-de-agosto","status":"publish","type":"post","link":"https:\/\/armstrongyregion.com.ar\/diario\/armstrong-orden-del-dia-27-de-agosto\/","title":{"rendered":"Armstrong. Orden del d\u00eda 27 de agosto."},"content":{"rendered":"<p><a href=\"http:\/\/armstrongyregion.com.ar\/diario\/wp-content\/uploads\/2019\/03\/Apertura-concejo-19-1-.jpg\"><img loading=\"lazy\" decoding=\"async\" class=\"alignnone size-full wp-image-20726\" src=\"http:\/\/armstrongyregion.com.ar\/diario\/wp-content\/uploads\/2019\/03\/Apertura-concejo-19-1-.jpg\" alt=\"Apertura-concejo-19-1-\" width=\"960\" height=\"466\" srcset=\"https:\/\/armstrongyregion.com.ar\/diario\/wp-content\/uploads\/2019\/03\/Apertura-concejo-19-1-.jpg 960w, https:\/\/armstrongyregion.com.ar\/diario\/wp-content\/uploads\/2019\/03\/Apertura-concejo-19-1--300x146.jpg 300w\" sizes=\"auto, (max-width: 960px) 100vw, 960px\" \/><\/a>1-\u00a0 <u>ACTA\u00a0 SESION\u00a0 N\u00ba 1006<\/u><\/p>\n<p><u>\u00a0<\/u>2-\u00a0 <u>MENSAJES DEL D.E.:<\/u><\/p>\n<p>A- RESPUESTA A MINUTA DE COMUNICACI\u00d3N N\u00ba 3034, SOBRE ESPACIO PARA ANIMALES EN SITUACI\u00d3N DE CALLE.<\/p>\n<p>B- RESPUESTA A MINUTA DE COMUNICACI\u00d3N N\u00ba 3044, SOBRE RAJADURAS EN PAVIMENTO DE BV. VILLA MAR\u00cdA.<\/p>\n<p>3-\u00a0 <u>CORRESPONDENCIA:<\/u><\/p>\n<p>A- RECLAMO DE VECINOS DE CALLE ELISA Y SCHAER, SOBRE TALLER DE REPARACI\u00d3N DE EQUIPOS DE FUMIGACI\u00d3N.<\/p>\n<p>4-\u00a0 <u>DICTAMENES DE COMISIONES:<\/u><\/p>\n<p>5-\u00a0 <u>PROYECTOS DE CONCEJALES:<\/u><\/p>\n<p>A- <u>BLOQUE DE FRENTE PROGRESISTA, C\u00cdVICO Y SOCIAL:<\/u><\/p>\n<p>1- MC.: ORDENAMIENTO DEL TR\u00c1NSITO EN CALLES SAN NICOL\u00c1S, ENTRE DELFO CABRERA Y BELL VILLE. Y EN CALLE SANTA FE, ENTRE PASEO PER\u00d3N Y DELFO CABRERA.<\/p>\n<p>&nbsp;<\/p>\n<p>2- MC.: SE SOLICITA INCORPORAR DENTRO DE LOS CURSOS DE MANIPULACI\u00d3N DE ALIMENTOS, LO REFERIDO A ALIMENTOS LIBRES DE GLUTEN.<\/p>\n<p>&nbsp;<\/p>\n<p>B- <u>BLOQUE DE RENOVACI\u00d3N POR ARMSTRONG:<\/u><\/p>\n<p>&nbsp;<\/p>\n<p>3- ORD.: CREACI\u00d3N DEL FONDO PARA SUSTENTO DE TRATAMIENTO DE ENFERMEDADES CR\u00d3NICAS Y ONCOL\u00d3GICAS.<\/p>\n<p>&nbsp;<\/p>\n<p>C- <u>BLOQUE JUSTICIALISTA:<\/u><\/p>\n<p>&nbsp;<\/p>\n<p>4- MC.: ORDENAMIENTO DEL TR\u00c1NSITO EN CALLES SAN NICOL\u00c1S, ENTRE DELFO CABRERA Y BELL VILLE.<\/p>\n<p>&nbsp;<\/p>\n<p>D- <u>CONCEJO:<\/u><\/p>\n<p>&nbsp;<\/p>\n<p>5- MD.: ADHESI\u00d3N AL D\u00cdA NACIONAL DEL \u00c1RBOL.<\/p>\n<p>&nbsp;<\/p>\n<p>6- MD.: ADHESI\u00d3N AL D\u00cdA DE LA INDUSTRIA.<\/p>\n<p>&nbsp;<\/p>\n<p>INICIO A LAS 20:00 HORAS.<\/p>\n<p>&nbsp;<\/p>\n<p>&nbsp;<\/p>\n","protected":false},"excerpt":{"rendered":"<p>1-\u00a0 ACTA\u00a0 SESION\u00a0 N\u00ba 1006 \u00a02-\u00a0 MENSAJES DEL D.E.: A- RESPUESTA A MINUTA DE COMUNICACI\u00d3N N\u00ba 3034, SOBRE ESPACIO PARA ANIMALES EN SITUACI\u00d3N DE CALLE. B- RESPUESTA A MINUTA DE COMUNICACI\u00d3N N\u00ba 3044, SOBRE RAJADURAS EN PAVIMENTO DE BV. VILLA MAR\u00cdA. 3-\u00a0 CORRESPONDENCIA: A- RECLAMO DE VECINOS DE CALLE ELISA Y SCHAER, SOBRE TALLER DE <a href=\"https:\/\/armstrongyregion.com.ar\/diario\/armstrong-orden-del-dia-27-de-agosto\/\" title=\"Read more\" >&#8230;<\/a><\/p>\n","protected":false},"author":1,"featured_media":20726,"comment_status":"open","ping_status":"open","sticky":false,"template":"","format":"standard","meta":{"_jetpack_memberships_contains_paid_content":false,"footnotes":"","jetpack_publicize_message":"","jetpack_publicize_feature_enabled":true,"jetpack_social_post_already_shared":false,"jetpack_social_options":{"image_generator_settings":{"template":"highway","default_image_id":0,"enabled":false},"version":2}},"categories":[6,8,1,2,7],"tags":[8271],"class_list":["post-22804","post","type-post","status-publish","format-standard","has-post-thumbnail","hentry","category-cultura-entretenimiento","category-deliberando","category-diario-armstrong","category-locales","category-politica","tag-armstrong-orden-del-dia-27-de-agosto"],"jetpack_publicize_connections":[],"jetpack_featured_media_url":"https:\/\/armstrongyregion.com.ar\/diario\/wp-content\/uploads\/2019\/03\/Apertura-concejo-19-1-.jpg","jetpack_shortlink":"https:\/\/wp.me\/p62QDO-5VO","jetpack_sharing_enabled":true,"amp_enabled":true,"_links":{"self":[{"href":"https:\/\/armstrongyregion.com.ar\/diario\/wp-json\/wp\/v2\/posts\/22804","targetHints":{"allow":["GET"]}}],"collection":[{"href":"https:\/\/armstrongyregion.com.ar\/diario\/wp-json\/wp\/v2\/posts"}],"about":[{"href":"https:\/\/armstrongyregion.com.ar\/diario\/wp-json\/wp\/v2\/types\/post"}],"author":[{"embeddable":true,"href":"https:\/\/armstrongyregion.com.ar\/diario\/wp-json\/wp\/v2\/users\/1"}],"replies":[{"embeddable":true,"href":"https:\/\/armstrongyregion.com.ar\/diario\/wp-json\/wp\/v2\/comments?post=22804"}],"version-history":[{"count":0,"href":"https:\/\/armstrongyregion.com.ar\/diario\/wp-json\/wp\/v2\/posts\/22804\/revisions"}],"wp:featuredmedia":[{"embeddable":true,"href":"https:\/\/armstrongyregion.com.ar\/diario\/wp-json\/wp\/v2\/media\/20726"}],"wp:attachment":[{"href":"https:\/\/armstrongyregion.com.ar\/diario\/wp-json\/wp\/v2\/media?parent=22804"}],"wp:term":[{"taxonomy":"category","embeddable":true,"href":"https:\/\/armstrongyregion.com.ar\/diario\/wp-json\/wp\/v2\/categories?post=22804"},{"taxonomy":"post_tag","embeddable":true,"href":"https:\/\/armstrongyregion.com.ar\/diario\/wp-json\/wp\/v2\/tags?post=22804"}],"curies":[{"name":"wp","href":"https:\/\/api.w.org\/{rel}","templated":true}]}}