{"id":22737,"date":"2019-08-24T15:50:24","date_gmt":"2019-08-24T15:50:24","guid":{"rendered":"https:\/\/armstrongyregion.com.ar\/diario\/?p=22737"},"modified":"2019-08-24T15:50:24","modified_gmt":"2019-08-24T15:50:24","slug":"curso-intensivo-suicidio-e-intervencion-en-crisis","status":"publish","type":"post","link":"https:\/\/armstrongyregion.com.ar\/diario\/curso-intensivo-suicidio-e-intervencion-en-crisis\/","title":{"rendered":"Curso intensivo Suicidio e Intervenci\u00f3n en Crisis."},"content":{"rendered":"<p class=\"x_MsoNormal\"><b><a href=\"http:\/\/armstrongyregion.com.ar\/diario\/wp-content\/uploads\/2019\/08\/01.-Flyer-2019.jpg\"><img loading=\"lazy\" decoding=\"async\" class=\"alignnone size-full wp-image-22738\" src=\"http:\/\/armstrongyregion.com.ar\/diario\/wp-content\/uploads\/2019\/08\/01.-Flyer-2019.jpg\" alt=\"01. Flyer 2019\" width=\"600\" height=\"600\" srcset=\"https:\/\/armstrongyregion.com.ar\/diario\/wp-content\/uploads\/2019\/08\/01.-Flyer-2019.jpg 600w, https:\/\/armstrongyregion.com.ar\/diario\/wp-content\/uploads\/2019\/08\/01.-Flyer-2019-150x150.jpg 150w, https:\/\/armstrongyregion.com.ar\/diario\/wp-content\/uploads\/2019\/08\/01.-Flyer-2019-300x300.jpg 300w, https:\/\/armstrongyregion.com.ar\/diario\/wp-content\/uploads\/2019\/08\/01.-Flyer-2019-144x144.jpg 144w\" sizes=\"auto, (max-width: 600px) 100vw, 600px\" \/><\/a>D\u00edas y horarios:\u00a0<\/b>Viernes\u00a030 de agosto (de 18 a 21 hs) y s\u00e1bado 31 de agosto (de 10 a 13.30 hs).<\/p>\n<p class=\"x_MsoNormal\"><b>\u00a0<\/b><b>TEMARIO GENERAL<\/b>:<\/p>\n<p class=\"x_m_5137877416259707122m_3798294135607898549gmail-MsoListParagraphCxSpFirst\">&#8211;\u00a0\u00a0\u00a0\u00a0\u00a0\u00a0\u00a0Diferentes tipos y caracter\u00edsticas de conductas suicidas: ideaci\u00f3n, parasuicidio, intento, suicidio consumado.<\/p>\n<p class=\"x_m_5137877416259707122m_3798294135607898549gmail-MsoListParagraphCxSpMiddle\">&#8211;\u00a0\u00a0\u00a0\u00a0\u00a0\u00a0\u00a0Evaluaci\u00f3n de las conductas suicidas | Manifestaciones | Valorar la motivaci\u00f3n: qu\u00e9 lleva a una persona a intentar\/cometer suicidio | Valorar la gravedad | Qu\u00e9 y c\u00f3mo preguntar.<\/p>\n<p class=\"x_m_5137877416259707122m_3798294135607898549gmail-MsoListParagraphCxSpLast\">&#8211;\u00a0\u00a0\u00a0\u00a0\u00a0\u00a0\u00a0Abordaje inmediato de las conductas suicidas | Intervenci\u00f3n en crisis: Primeros auxilios psicol\u00f3gicos | Fases del proceso: qu\u00e9 hacer y qu\u00e9 no hacer | Estrategias de acercamiento y comunicaci\u00f3n | Contacto psicol\u00f3gico.<\/p>\n<p class=\"x_MsoNormal\" align=\"center\"><b><i>Te recomendamos seguirnos en nuestras redes sociales, as\u00ed recibir\u00e1s al instante toda la info de nuestras actividades:<\/i><\/b><b><i><\/i><\/b><\/p>\n<p class=\"x_MsoNormal\"><b><span lang=\"EN-US\">&#8211; FACEBOOK:<\/span><\/b><b><span lang=\"EN-US\">\u00a0<\/span><\/b><a href=\"https:\/\/www.facebook.com\/AsociacionAREAP\" target=\"_blank\" rel=\"noopener noreferrer\" data-auth=\"NotApplicable\"><span lang=\"EN-US\">https:\/\/www.facebook.com\/AsociacionAREAP<\/span><\/a><b><\/b><\/p>\n<p class=\"x_MsoNormal\"><b><span lang=\"EN-US\">&#8211; INSTAGRAM:\u00a0<\/span><\/b><a href=\"https:\/\/www.instagram.com\/asociacionareap\/\" target=\"_blank\" rel=\"noopener noreferrer\" data-auth=\"NotApplicable\"><span lang=\"EN-US\">https:\/\/www.instagram.com\/asociacionareap\/<\/span><\/a><b><\/b><\/p>\n<p class=\"x_MsoNormal\"><b><span lang=\"EN-US\">&#8211; TWITTER:\u00a0<\/span><\/b><a href=\"https:\/\/twitter.com\/AsociacionAREAP\" target=\"_blank\" rel=\"noopener noreferrer\" data-auth=\"NotApplicable\"><span lang=\"EN-US\">https:\/\/twitter.com\/AsociacionAREAP<\/span><\/a><b><\/b><\/p>\n<p class=\"x_MsoNormal\"><b><span lang=\"EN-US\">&#8211; LINKEDIN:<\/span><\/b><b><span lang=\"EN-US\">\u00a0<\/span><\/b><a href=\"https:\/\/www.linkedin.com\/company\/asociacionareap\/\" target=\"_blank\" rel=\"noopener noreferrer\" data-auth=\"NotApplicable\"><span lang=\"EN-US\">https:\/\/www.linkedin.com\/company\/asociacionareap\/<\/span><\/a><\/p>\n<p class=\"x_MsoNormal\">\n<p class=\"x_MsoNormal\"><b>Cierre de inscripci\u00f3n:<\/b>\u00a0Martes\u00a027 de agosto de 2019.<\/p>\n<p class=\"x_MsoNormal\">\n<p class=\"x_MsoNormal\"><b>Organiza:<\/b>\u00a0AREAP (personer\u00eda jur\u00eddica n\u00ba 1447\/18) | Rosario &#8211; Santa Fe &#8211; Argentina<\/p>\n<p class=\"x_MsoNormal\">\n","protected":false},"excerpt":{"rendered":"<p>D\u00edas y horarios:\u00a0Viernes\u00a030 de agosto (de 18 a 21 hs) y s\u00e1bado 31 de agosto (de 10 a 13.30 hs). \u00a0TEMARIO GENERAL: &#8211;\u00a0\u00a0\u00a0\u00a0\u00a0\u00a0\u00a0Diferentes tipos y caracter\u00edsticas de conductas suicidas: ideaci\u00f3n, parasuicidio, intento, suicidio consumado. &#8211;\u00a0\u00a0\u00a0\u00a0\u00a0\u00a0\u00a0Evaluaci\u00f3n de las conductas suicidas | Manifestaciones | Valorar la motivaci\u00f3n: qu\u00e9 lleva a una persona a intentar\/cometer suicidio | Valorar <a href=\"https:\/\/armstrongyregion.com.ar\/diario\/curso-intensivo-suicidio-e-intervencion-en-crisis\/\" title=\"Read more\" >&#8230;<\/a><\/p>\n","protected":false},"author":1,"featured_media":22738,"comment_status":"open","ping_status":"open","sticky":false,"template":"","format":"standard","meta":{"_jetpack_memberships_contains_paid_content":false,"footnotes":"","jetpack_publicize_message":"","jetpack_publicize_feature_enabled":true,"jetpack_social_post_already_shared":false,"jetpack_social_options":{"image_generator_settings":{"template":"highway","default_image_id":0,"enabled":false},"version":2}},"categories":[8,1,2,4,3],"tags":[8253],"class_list":["post-22737","post","type-post","status-publish","format-standard","has-post-thumbnail","hentry","category-deliberando","category-diario-armstrong","category-locales","category-prevencion-salud","category-region","tag-curso-intensivo-suicidio-e-intervencion-en-crisis"],"jetpack_publicize_connections":[],"jetpack_featured_media_url":"https:\/\/armstrongyregion.com.ar\/diario\/wp-content\/uploads\/2019\/08\/01.-Flyer-2019.jpg","jetpack_shortlink":"https:\/\/wp.me\/p62QDO-5UJ","jetpack_sharing_enabled":true,"amp_enabled":true,"_links":{"self":[{"href":"https:\/\/armstrongyregion.com.ar\/diario\/wp-json\/wp\/v2\/posts\/22737","targetHints":{"allow":["GET"]}}],"collection":[{"href":"https:\/\/armstrongyregion.com.ar\/diario\/wp-json\/wp\/v2\/posts"}],"about":[{"href":"https:\/\/armstrongyregion.com.ar\/diario\/wp-json\/wp\/v2\/types\/post"}],"author":[{"embeddable":true,"href":"https:\/\/armstrongyregion.com.ar\/diario\/wp-json\/wp\/v2\/users\/1"}],"replies":[{"embeddable":true,"href":"https:\/\/armstrongyregion.com.ar\/diario\/wp-json\/wp\/v2\/comments?post=22737"}],"version-history":[{"count":0,"href":"https:\/\/armstrongyregion.com.ar\/diario\/wp-json\/wp\/v2\/posts\/22737\/revisions"}],"wp:featuredmedia":[{"embeddable":true,"href":"https:\/\/armstrongyregion.com.ar\/diario\/wp-json\/wp\/v2\/media\/22738"}],"wp:attachment":[{"href":"https:\/\/armstrongyregion.com.ar\/diario\/wp-json\/wp\/v2\/media?parent=22737"}],"wp:term":[{"taxonomy":"category","embeddable":true,"href":"https:\/\/armstrongyregion.com.ar\/diario\/wp-json\/wp\/v2\/categories?post=22737"},{"taxonomy":"post_tag","embeddable":true,"href":"https:\/\/armstrongyregion.com.ar\/diario\/wp-json\/wp\/v2\/tags?post=22737"}],"curies":[{"name":"wp","href":"https:\/\/api.w.org\/{rel}","templated":true}]}}