{"id":22710,"date":"2019-08-21T15:31:29","date_gmt":"2019-08-21T15:31:29","guid":{"rendered":"https:\/\/armstrongyregion.com.ar\/diario\/?p=22710"},"modified":"2019-08-21T15:31:29","modified_gmt":"2019-08-21T15:31:29","slug":"facundo-ardusso-vuelve-al-primer-amor","status":"publish","type":"post","link":"https:\/\/armstrongyregion.com.ar\/diario\/facundo-ardusso-vuelve-al-primer-amor\/","title":{"rendered":"Facundo Ardusso vuelve al primer amor."},"content":{"rendered":"<p><a href=\"http:\/\/armstrongyregion.com.ar\/diario\/wp-content\/uploads\/2019\/08\/ardusso-.jpg\"><img loading=\"lazy\" decoding=\"async\" class=\"alignnone size-full wp-image-22711\" src=\"http:\/\/armstrongyregion.com.ar\/diario\/wp-content\/uploads\/2019\/08\/ardusso-.jpg\" alt=\"ardusso-\" width=\"768\" height=\"432\" srcset=\"https:\/\/armstrongyregion.com.ar\/diario\/wp-content\/uploads\/2019\/08\/ardusso-.jpg 768w, https:\/\/armstrongyregion.com.ar\/diario\/wp-content\/uploads\/2019\/08\/ardusso--300x169.jpg 300w\" sizes=\"auto, (max-width: 768px) 100vw, 768px\" \/><\/a>El piloto de Las Parejas correr\u00e1 la pr\u00f3xima fecha del TN en Termas, donde debut\u00f3 en autos con techo. \u00abEstoy feliz\u00bb, le dijo a Ovaci\u00f3n.<\/p>\n<p align=\"justify\">Hace mucho tiempo, desde que participada en Top Race, que Facundo Ardusso no corr\u00eda tres fines de semana seguidos. El mejor piloto de la regi\u00f3n, y entre los top a nivel nacional, hace ya varios a\u00f1os que divide su trabajo profesional persiguiendo el sue\u00f1o de campeonato en el Turismo Carretera y cumpliendo esa meta gloriosa por dos en el S\u00faper TC 2000. Pero el parejense no olvid\u00f3 nunca sus or\u00edgenes y siempre so\u00f1\u00f3 con volver al chapa-chapa, al Turismo Nacional, la categor\u00eda en la que debut\u00f3 en autos con techo en 2008, en el mendocino y hoy olvidado circuito de San Rafael. Ahora podr\u00e1 darse el gusto. Si bien Leo Larrauri lo convoc\u00f3 para ser su invitado en el G\u00e1lvez en 2017 y le devolvi\u00f3 el gesto ganando, el pr\u00f3ximo 31 de agosto tendr\u00e1 en Termas de R\u00edo Hondo de nuevo un auto propio, el Peugeot 408 del G Racing Car de Gustavo Gatti. En principio ser\u00e1 por esa carrera, pero no descarta hasta fin de a\u00f1o. Sea como sea, \u00abestoy feliz\u00bb, le dijo anoche a Ovaci\u00f3n.<\/p>\n<p align=\"justify\">Jun\u00edn, \u00faltima carrera de 2011, fue la \u00faltima de Ardusso en el TN. Hizo la pole, gan\u00f3 su serie con un Citroen C3, \u00abpero cuando iba segundo se rompi\u00f3 un neum\u00e1tico y abandon\u00e9\u00bb, record\u00f3 el de Las Parejas. Ese domingo de diciembre fue el m\u00e1s feliz de otro piloto de la regi\u00f3n, ya que se consagr\u00f3 campe\u00f3n el de Capit\u00e1n Berm\u00fadez Fabi\u00e1n Yannantuoni. Cosas de la vida, \u00abel Peugeot que manejar\u00e9 es el que us\u00f3 el Patito el a\u00f1o pasado\u00bb.<\/p>\n<p align=\"justify\">\u00abEstoy feliz de correr de nuevo en el TN. Es la categor\u00eda que me vio nacer en autos con techo y le agradezco a Gustavo Gatti esta convocatoria que en principio es por la carrera de Termas\u00bb, relat\u00f3 el Flaco. \u00abReuni\u00f3 los recursos para esta cita y est\u00e1 muy bueno para m\u00ed que me tenga en cuenta\u00bb, desliz\u00f3.<\/p>\n<p align=\"justify\">\u00abTen\u00edamos una deuda de trabajar juntos y ahora lo haremos. Espero sea el inicio de una gran relaci\u00f3n\u00bb, agreg\u00f3, abriendo la puerta a continuar hasta fin de la temporada.<\/p>\n<p align=\"justify\">Ardusso se lo toma \u00abcon calma, paso a paso. Tengo que adaptarme a la categor\u00eda de nuevo y lo primero ser\u00e1 conocer las partes, el motorista, el chasista y el equipo para buscar un buen nivel\u00bb.<\/p>\n<p align=\"justify\">Por segunda vez en la charla, el Flaco le agradeci\u00f3 a Gatti \u00abla posibilidad de formar parte de este proyecto\u00bb. Y, por supuesto, ahora que se abri\u00f3 de nuevo la puerta del Turismo Nacional, \u00abvoy a meterle con todo para disfrutar y aprovechar la oportunidad\u00bb. El parejense tendr\u00e1 de compa\u00f1ero a Josito Di Palma, con quien \u00abtengo una muy buena relaci\u00f3n\u00bb y ahora lo que quedar\u00e1 ser\u00e1 acelerar y volver a dividir su cabeza en tres. Viene de un 5\u00ba puesto en el STC 2000, este fin de semana correr\u00e1 en El Villicum en la \u00faltima carrera de la fase regular del TC y luego vendr\u00e1 un plato esperado: el retorno al primer amor.<\/p>\n<p align=\"justify\"><img decoding=\"async\" src=\"https:\/\/media.lacapital.com.ar\/adjuntos\/203\/autores\/007\/733\/0007733090.png\" alt=\"Conti\" \/>\u00a0Por\u00a0<a href=\"https:\/\/www.lacapital.com.ar\/gustavo-conti-p282.html\" target=\"\">Gustavo Cont<\/a>i<\/p>\n","protected":false},"excerpt":{"rendered":"<p>El piloto de Las Parejas correr\u00e1 la pr\u00f3xima fecha del TN en Termas, donde debut\u00f3 en autos con techo. \u00abEstoy feliz\u00bb, le dijo a Ovaci\u00f3n. Hace mucho tiempo, desde que participada en Top Race, que Facundo Ardusso no corr\u00eda tres fines de semana seguidos. El mejor piloto de la regi\u00f3n, y entre los top a <a href=\"https:\/\/armstrongyregion.com.ar\/diario\/facundo-ardusso-vuelve-al-primer-amor\/\" title=\"Read more\" >&#8230;<\/a><\/p>\n","protected":false},"author":1,"featured_media":22711,"comment_status":"open","ping_status":"open","sticky":false,"template":"","format":"standard","meta":{"_jetpack_memberships_contains_paid_content":false,"footnotes":"","jetpack_publicize_message":"","jetpack_publicize_feature_enabled":true,"jetpack_social_post_already_shared":false,"jetpack_social_options":{"image_generator_settings":{"template":"highway","default_image_id":0,"enabled":false},"version":2}},"categories":[8,5,1,2,3],"tags":[8244],"class_list":["post-22710","post","type-post","status-publish","format-standard","has-post-thumbnail","hentry","category-deliberando","category-deportes","category-diario-armstrong","category-locales","category-region","tag-ardusso-vuelve-al-primer-amor"],"jetpack_publicize_connections":[],"jetpack_featured_media_url":"https:\/\/armstrongyregion.com.ar\/diario\/wp-content\/uploads\/2019\/08\/ardusso-.jpg","jetpack_shortlink":"https:\/\/wp.me\/p62QDO-5Ui","jetpack_sharing_enabled":true,"amp_enabled":true,"_links":{"self":[{"href":"https:\/\/armstrongyregion.com.ar\/diario\/wp-json\/wp\/v2\/posts\/22710","targetHints":{"allow":["GET"]}}],"collection":[{"href":"https:\/\/armstrongyregion.com.ar\/diario\/wp-json\/wp\/v2\/posts"}],"about":[{"href":"https:\/\/armstrongyregion.com.ar\/diario\/wp-json\/wp\/v2\/types\/post"}],"author":[{"embeddable":true,"href":"https:\/\/armstrongyregion.com.ar\/diario\/wp-json\/wp\/v2\/users\/1"}],"replies":[{"embeddable":true,"href":"https:\/\/armstrongyregion.com.ar\/diario\/wp-json\/wp\/v2\/comments?post=22710"}],"version-history":[{"count":0,"href":"https:\/\/armstrongyregion.com.ar\/diario\/wp-json\/wp\/v2\/posts\/22710\/revisions"}],"wp:featuredmedia":[{"embeddable":true,"href":"https:\/\/armstrongyregion.com.ar\/diario\/wp-json\/wp\/v2\/media\/22711"}],"wp:attachment":[{"href":"https:\/\/armstrongyregion.com.ar\/diario\/wp-json\/wp\/v2\/media?parent=22710"}],"wp:term":[{"taxonomy":"category","embeddable":true,"href":"https:\/\/armstrongyregion.com.ar\/diario\/wp-json\/wp\/v2\/categories?post=22710"},{"taxonomy":"post_tag","embeddable":true,"href":"https:\/\/armstrongyregion.com.ar\/diario\/wp-json\/wp\/v2\/tags?post=22710"}],"curies":[{"name":"wp","href":"https:\/\/api.w.org\/{rel}","templated":true}]}}