{"id":22708,"date":"2019-08-21T15:24:17","date_gmt":"2019-08-21T15:24:17","guid":{"rendered":"https:\/\/armstrongyregion.com.ar\/diario\/?p=22708"},"modified":"2019-08-21T15:24:17","modified_gmt":"2019-08-21T15:24:17","slug":"corte-programado-de-energia-electrica-para-el-dia-sabado-24-de-agosto","status":"publish","type":"post","link":"https:\/\/armstrongyregion.com.ar\/diario\/corte-programado-de-energia-electrica-para-el-dia-sabado-24-de-agosto\/","title":{"rendered":"Corte programado de Energ\u00eda El\u00e9ctrica para el d\u00eda s\u00e1bado 24 de agosto."},"content":{"rendered":"<div dir=\"auto\"><a href=\"http:\/\/armstrongyregion.com.ar\/diario\/wp-content\/uploads\/2018\/11\/Cooperativa1.jpg\"><img loading=\"lazy\" decoding=\"async\" class=\"alignnone size-full wp-image-19585\" src=\"http:\/\/armstrongyregion.com.ar\/diario\/wp-content\/uploads\/2018\/11\/Cooperativa1.jpg\" alt=\"Cooperativa\" width=\"768\" height=\"431\" srcset=\"https:\/\/armstrongyregion.com.ar\/diario\/wp-content\/uploads\/2018\/11\/Cooperativa1.jpg 768w, https:\/\/armstrongyregion.com.ar\/diario\/wp-content\/uploads\/2018\/11\/Cooperativa1-300x168.jpg 300w\" sizes=\"auto, (max-width: 768px) 100vw, 768px\" \/><\/a>La Coop. de Prov. de Obras y Serv. P\u00fablicos comunica que el d\u00eda S\u00e1bado 24 de agosto se realizar\u00e1 un corte de energ\u00eda el\u00e9ctrica para dar lugar a tareas de mantenimiento y mejoras sobre las l\u00edneas de Media Tensi\u00f3n.<\/div>\n<div dir=\"auto\">El corte ser\u00e1 de 13 a 16:30 hs aproximadamente y abarcar\u00e1 todos los sectores de la\u00a0 ciudad, zona rural y \u00e1rea industrial.<\/div>\n<div dir=\"auto\">Muchas gracias<\/div>\n<div dir=\"auto\"><\/div>\n","protected":false},"excerpt":{"rendered":"<p>La Coop. de Prov. de Obras y Serv. P\u00fablicos comunica que el d\u00eda S\u00e1bado 24 de agosto se realizar\u00e1 un corte de energ\u00eda el\u00e9ctrica para dar lugar a tareas de mantenimiento y mejoras sobre las l\u00edneas de Media Tensi\u00f3n. El corte ser\u00e1 de 13 a 16:30 hs aproximadamente y abarcar\u00e1 todos los sectores de la\u00a0 <a href=\"https:\/\/armstrongyregion.com.ar\/diario\/corte-programado-de-energia-electrica-para-el-dia-sabado-24-de-agosto\/\" title=\"Read more\" >&#8230;<\/a><\/p>\n","protected":false},"author":1,"featured_media":19585,"comment_status":"open","ping_status":"open","sticky":false,"template":"","format":"standard","meta":{"_jetpack_memberships_contains_paid_content":false,"footnotes":"","jetpack_publicize_message":"","jetpack_publicize_feature_enabled":true,"jetpack_social_post_already_shared":false,"jetpack_social_options":{"image_generator_settings":{"template":"highway","default_image_id":0,"enabled":false},"version":2}},"categories":[8,1,2],"tags":[8243],"class_list":["post-22708","post","type-post","status-publish","format-standard","has-post-thumbnail","hentry","category-deliberando","category-diario-armstrong","category-locales","tag-corte-programado-de-energia-electrica-para-el-dia-sabado-24-de-agosto"],"jetpack_publicize_connections":[],"jetpack_featured_media_url":"https:\/\/armstrongyregion.com.ar\/diario\/wp-content\/uploads\/2018\/11\/Cooperativa1.jpg","jetpack_shortlink":"https:\/\/wp.me\/p62QDO-5Ug","jetpack_sharing_enabled":true,"amp_enabled":true,"_links":{"self":[{"href":"https:\/\/armstrongyregion.com.ar\/diario\/wp-json\/wp\/v2\/posts\/22708","targetHints":{"allow":["GET"]}}],"collection":[{"href":"https:\/\/armstrongyregion.com.ar\/diario\/wp-json\/wp\/v2\/posts"}],"about":[{"href":"https:\/\/armstrongyregion.com.ar\/diario\/wp-json\/wp\/v2\/types\/post"}],"author":[{"embeddable":true,"href":"https:\/\/armstrongyregion.com.ar\/diario\/wp-json\/wp\/v2\/users\/1"}],"replies":[{"embeddable":true,"href":"https:\/\/armstrongyregion.com.ar\/diario\/wp-json\/wp\/v2\/comments?post=22708"}],"version-history":[{"count":0,"href":"https:\/\/armstrongyregion.com.ar\/diario\/wp-json\/wp\/v2\/posts\/22708\/revisions"}],"wp:featuredmedia":[{"embeddable":true,"href":"https:\/\/armstrongyregion.com.ar\/diario\/wp-json\/wp\/v2\/media\/19585"}],"wp:attachment":[{"href":"https:\/\/armstrongyregion.com.ar\/diario\/wp-json\/wp\/v2\/media?parent=22708"}],"wp:term":[{"taxonomy":"category","embeddable":true,"href":"https:\/\/armstrongyregion.com.ar\/diario\/wp-json\/wp\/v2\/categories?post=22708"},{"taxonomy":"post_tag","embeddable":true,"href":"https:\/\/armstrongyregion.com.ar\/diario\/wp-json\/wp\/v2\/tags?post=22708"}],"curies":[{"name":"wp","href":"https:\/\/api.w.org\/{rel}","templated":true}]}}