{"id":22678,"date":"2019-08-16T15:21:33","date_gmt":"2019-08-16T15:21:33","guid":{"rendered":"https:\/\/armstrongyregion.com.ar\/diario\/?p=22678"},"modified":"2019-08-16T15:21:33","modified_gmt":"2019-08-16T15:21:33","slug":"clerici-anfitriona-de-encuentro-de-intendentes-de-santa-fe-cordoba-y-entre-rios","status":"publish","type":"post","link":"https:\/\/armstrongyregion.com.ar\/diario\/clerici-anfitriona-de-encuentro-de-intendentes-de-santa-fe-cordoba-y-entre-rios\/","title":{"rendered":"Clerici anfitriona de encuentro de intendentes de Santa Fe, Cordoba y Entre Rios."},"content":{"rendered":"<p style=\"font-weight: 400;\"><a href=\"http:\/\/armstrongyregion.com.ar\/diario\/wp-content\/uploads\/2019\/08\/WhatsApp-Image-2019-08-16-at-11.52.27.jpeg\"><img loading=\"lazy\" decoding=\"async\" class=\"alignnone size-full wp-image-22679\" src=\"http:\/\/armstrongyregion.com.ar\/diario\/wp-content\/uploads\/2019\/08\/WhatsApp-Image-2019-08-16-at-11.52.27.jpeg\" alt=\"WhatsApp Image 2019-08-16 at 11.52.27\" width=\"768\" height=\"576\" srcset=\"https:\/\/armstrongyregion.com.ar\/diario\/wp-content\/uploads\/2019\/08\/WhatsApp-Image-2019-08-16-at-11.52.27.jpeg 768w, https:\/\/armstrongyregion.com.ar\/diario\/wp-content\/uploads\/2019\/08\/WhatsApp-Image-2019-08-16-at-11.52.27-300x225.jpeg 300w\" sizes=\"auto, (max-width: 768px) 100vw, 768px\" \/><\/a>El eje de la reuni\u00f3n fue \u201cla ciudad como eje estrat\u00e9gico y productivo de la plataforma regional de innovaci\u00f3n y vinculaci\u00f3n tecnol\u00f3gica\u201d, con el objetivo de desarrollar de herramientas de integraci\u00f3n entre parques industriales, universidades y municipios.<\/p>\n<p style=\"font-weight: 400;\">\u00a0La intendenta Stella Cl\u00e9rici fue anfitriona del encuentro de intendentes, universidades y autoridades de parques industriales, como parte de la convocatoria de la Oficina Regional de Vinculaci\u00f3n e Innovaci\u00f3n Tecnol\u00f3gica para ser parte activa del proceso de integraci\u00f3n en b\u00fasqueda de posibilidades para el desarrollo productivo.<\/p>\n<p style=\"font-weight: 400;\">El eje de la reuni\u00f3n fue \u201cla ciudad como eje estrat\u00e9gico y productivo de la plataforma regional de innovaci\u00f3n y vinculaci\u00f3n tecnol\u00f3gica\u201d, con el objetivo de desarrollar de herramientas de integraci\u00f3n entre parques industriales, universidades y municipios de Santa Fe, C\u00f3rdoba y Entre R\u00edos. \u201cEs un orgullo ser anfitriones de este encuentro para mostrar nuestra experiencia y trabajo en nuestros dos parques industriales, y generar lazos para continuar y fortalecer el desarrollo productivo de la ciudad y la regi\u00f3n\u201d, expres\u00f3 Cl\u00e9rici.<\/p>\n","protected":false},"excerpt":{"rendered":"<p>El eje de la reuni\u00f3n fue \u201cla ciudad como eje estrat\u00e9gico y productivo de la plataforma regional de innovaci\u00f3n y vinculaci\u00f3n tecnol\u00f3gica\u201d, con el objetivo de desarrollar de herramientas de integraci\u00f3n entre parques industriales, universidades y municipios. \u00a0La intendenta Stella Cl\u00e9rici fue anfitriona del encuentro de intendentes, universidades y autoridades de parques industriales, como parte <a href=\"https:\/\/armstrongyregion.com.ar\/diario\/clerici-anfitriona-de-encuentro-de-intendentes-de-santa-fe-cordoba-y-entre-rios\/\" title=\"Read more\" >&#8230;<\/a><\/p>\n","protected":false},"author":1,"featured_media":22680,"comment_status":"open","ping_status":"open","sticky":false,"template":"","format":"standard","meta":{"_jetpack_memberships_contains_paid_content":false,"footnotes":"","jetpack_publicize_message":"","jetpack_publicize_feature_enabled":true,"jetpack_social_post_already_shared":false,"jetpack_social_options":{"image_generator_settings":{"template":"highway","default_image_id":0,"enabled":false},"version":2}},"categories":[8,1,2,7,3],"tags":[8233,8234],"class_list":["post-22678","post","type-post","status-publish","format-standard","has-post-thumbnail","hentry","category-deliberando","category-diario-armstrong","category-locales","category-politica","category-region","tag-clerici-anfitriona-de-encuentro-de-intendentes-de-santa-fe","tag-cordoba-y-entre-rios"],"jetpack_publicize_connections":[],"jetpack_featured_media_url":"https:\/\/armstrongyregion.com.ar\/diario\/wp-content\/uploads\/2019\/08\/clerici-1-.jpeg","jetpack_shortlink":"https:\/\/wp.me\/p62QDO-5TM","jetpack_sharing_enabled":true,"amp_enabled":true,"_links":{"self":[{"href":"https:\/\/armstrongyregion.com.ar\/diario\/wp-json\/wp\/v2\/posts\/22678","targetHints":{"allow":["GET"]}}],"collection":[{"href":"https:\/\/armstrongyregion.com.ar\/diario\/wp-json\/wp\/v2\/posts"}],"about":[{"href":"https:\/\/armstrongyregion.com.ar\/diario\/wp-json\/wp\/v2\/types\/post"}],"author":[{"embeddable":true,"href":"https:\/\/armstrongyregion.com.ar\/diario\/wp-json\/wp\/v2\/users\/1"}],"replies":[{"embeddable":true,"href":"https:\/\/armstrongyregion.com.ar\/diario\/wp-json\/wp\/v2\/comments?post=22678"}],"version-history":[{"count":0,"href":"https:\/\/armstrongyregion.com.ar\/diario\/wp-json\/wp\/v2\/posts\/22678\/revisions"}],"wp:featuredmedia":[{"embeddable":true,"href":"https:\/\/armstrongyregion.com.ar\/diario\/wp-json\/wp\/v2\/media\/22680"}],"wp:attachment":[{"href":"https:\/\/armstrongyregion.com.ar\/diario\/wp-json\/wp\/v2\/media?parent=22678"}],"wp:term":[{"taxonomy":"category","embeddable":true,"href":"https:\/\/armstrongyregion.com.ar\/diario\/wp-json\/wp\/v2\/categories?post=22678"},{"taxonomy":"post_tag","embeddable":true,"href":"https:\/\/armstrongyregion.com.ar\/diario\/wp-json\/wp\/v2\/tags?post=22678"}],"curies":[{"name":"wp","href":"https:\/\/api.w.org\/{rel}","templated":true}]}}