{"id":22619,"date":"2019-08-12T14:35:52","date_gmt":"2019-08-12T14:35:52","guid":{"rendered":"https:\/\/armstrongyregion.com.ar\/diario\/?p=22619"},"modified":"2019-08-12T15:16:50","modified_gmt":"2019-08-12T15:16:50","slug":"se-presento-en-armstrong-delfo-huelas-de-un-pueblo","status":"publish","type":"post","link":"https:\/\/armstrongyregion.com.ar\/diario\/se-presento-en-armstrong-delfo-huelas-de-un-pueblo\/","title":{"rendered":"Se present\u00f3 en Armstrong \u201cDelfo, huellas de un pueblo\u201d."},"content":{"rendered":"<p><a href=\"http:\/\/armstrongyregion.com.ar\/diario\/wp-content\/uploads\/2019\/08\/delfo-1-.jpg\"><img loading=\"lazy\" decoding=\"async\" class=\"alignnone size-full wp-image-22620\" src=\"http:\/\/armstrongyregion.com.ar\/diario\/wp-content\/uploads\/2019\/08\/delfo-1-.jpg\" alt=\"delfo-1-\" width=\"960\" height=\"680\" srcset=\"https:\/\/armstrongyregion.com.ar\/diario\/wp-content\/uploads\/2019\/08\/delfo-1-.jpg 960w, https:\/\/armstrongyregion.com.ar\/diario\/wp-content\/uploads\/2019\/08\/delfo-1--300x213.jpg 300w\" sizes=\"auto, (max-width: 960px) 100vw, 960px\" \/><\/a>El s\u00e1bado, 10 de agosto, se present\u00f3 en la Sala Iris Marga de nuestra ciudad, \u201cDelfo, huellas de un pueblo\u201d nombre del proyecto transmedia que cuenta la historia de vida de Delfo Cabrera, el atleta ol\u00edmpico nacido en Armstrong en 1919, y que en 1948 gan\u00f3 la marat\u00f3n ol\u00edmpica en Londres y se convirti\u00f3 en un \u00edcono del deporte nacional.<\/p>\n<p><a href=\"http:\/\/armstrongyregion.com.ar\/diario\/wp-content\/uploads\/2019\/08\/delfo-3-.jpg\"><img loading=\"lazy\" decoding=\"async\" class=\"alignnone size-full wp-image-22621\" src=\"http:\/\/armstrongyregion.com.ar\/diario\/wp-content\/uploads\/2019\/08\/delfo-3-.jpg\" alt=\"delfo-3-\" width=\"706\" height=\"960\" srcset=\"https:\/\/armstrongyregion.com.ar\/diario\/wp-content\/uploads\/2019\/08\/delfo-3-.jpg 706w, https:\/\/armstrongyregion.com.ar\/diario\/wp-content\/uploads\/2019\/08\/delfo-3--221x300.jpg 221w\" sizes=\"auto, (max-width: 706px) 100vw, 706px\" \/><\/a>El proyecto gan\u00f3 la convocatoria 2018, est\u00edmulo a las Industrias Culturales del programa Espacio Santafesino en la categor\u00eda Transmedia. El equipo de trabajo integrado por j\u00f3venes armstronenses, con diversos perfiles como Luc\u00eda Cuffia, Carla Airasca, Fernanda Olagaray, Mart\u00edn Casse y Mart\u00edn Urquilla, todos convencidos de la importancia de recuperar una historia que con sus huellas, aun hoy, puede resultar motivadora.<\/p>\n<p><a href=\"http:\/\/armstrongyregion.com.ar\/diario\/wp-content\/uploads\/2019\/08\/delfo-4-.jpg\"><img loading=\"lazy\" decoding=\"async\" class=\"alignnone size-full wp-image-22622\" src=\"http:\/\/armstrongyregion.com.ar\/diario\/wp-content\/uploads\/2019\/08\/delfo-4-.jpg\" alt=\"delfo-4-\" width=\"960\" height=\"720\" srcset=\"https:\/\/armstrongyregion.com.ar\/diario\/wp-content\/uploads\/2019\/08\/delfo-4-.jpg 960w, https:\/\/armstrongyregion.com.ar\/diario\/wp-content\/uploads\/2019\/08\/delfo-4--300x225.jpg 300w\" sizes=\"auto, (max-width: 960px) 100vw, 960px\" \/><\/a>Y as\u00ed fue, a sala llena, se vivi\u00f3 este estreno, con mucha emoci\u00f3n. El proyecto transmedia comprende una serie web documental de cinco cap\u00edtulos, que cuenta la historia de vida del campe\u00f3n, la convocatoria de dos historiadores armstronenses como Herminia Dangelo y Leonardo Giudicci, aportaron el contexto socio econ\u00f3mico y pol\u00edtico de nuestro h\u00e9roe, en las distintas etapas de su vida deportiva. Tambi\u00e9n \u00a0el historiador del Club San Lorenzo de Almagro Adolfo Res y los \u00a0tres hijos de Delfo Cabrera, describen a la persona que fue, quien con mucho esfuerzo, tenacidad y sacrificio logra su objetivo, nada m\u00e1s ni nada menos\u00a0 que llegar a su meta.\u00a0 La pasi\u00f3n que \u00a0movilizaba a nuestro atleta lo hace participar en m\u00e1s de trecientos eventos deportivos.<\/p>\n<p><a href=\"http:\/\/armstrongyregion.com.ar\/diario\/wp-content\/uploads\/2019\/08\/delfo-5-.jpg\"><img loading=\"lazy\" decoding=\"async\" class=\"alignnone size-full wp-image-22623\" src=\"http:\/\/armstrongyregion.com.ar\/diario\/wp-content\/uploads\/2019\/08\/delfo-5-.jpg\" alt=\"delfo-5-\" width=\"960\" height=\"638\" srcset=\"https:\/\/armstrongyregion.com.ar\/diario\/wp-content\/uploads\/2019\/08\/delfo-5-.jpg 960w, https:\/\/armstrongyregion.com.ar\/diario\/wp-content\/uploads\/2019\/08\/delfo-5--300x199.jpg 300w\" sizes=\"auto, (max-width: 960px) 100vw, 960px\" \/><\/a>El sitio web est\u00e1 disponible en \u00a0<a href=\"http:\/\/www.delfocabrera.com\">www.delfocabrera.com<\/a>.<\/p>\n<p><a href=\"http:\/\/armstrongyregion.com.ar\/diario\/wp-content\/uploads\/2019\/08\/delfo-jovenes-.jpg\"><img loading=\"lazy\" decoding=\"async\" class=\"alignnone size-full wp-image-22629\" src=\"http:\/\/armstrongyregion.com.ar\/diario\/wp-content\/uploads\/2019\/08\/delfo-jovenes-.jpg\" alt=\"delfo-jovenes-\" width=\"960\" height=\"699\" srcset=\"https:\/\/armstrongyregion.com.ar\/diario\/wp-content\/uploads\/2019\/08\/delfo-jovenes-.jpg 960w, https:\/\/armstrongyregion.com.ar\/diario\/wp-content\/uploads\/2019\/08\/delfo-jovenes--300x218.jpg 300w\" sizes=\"auto, (max-width: 960px) 100vw, 960px\" \/><\/a>La serie documental genero en los presentes redimir el esp\u00edritu de Delfo Cabrera, quien tuvo mucho de coraje, voluntad y pasi\u00f3n por el atletismo. Pero los hacedores de dicho trabajo generaron orgullo, alegr\u00eda y emoci\u00f3n al rescatar a un h\u00e9roe de nuestro pueblo.<\/p>\n<p>&nbsp;<\/p>\n","protected":false},"excerpt":{"rendered":"<p>El s\u00e1bado, 10 de agosto, se present\u00f3 en la Sala Iris Marga de nuestra ciudad, \u201cDelfo, huellas de un pueblo\u201d nombre del proyecto transmedia que cuenta la historia de vida de Delfo Cabrera, el atleta ol\u00edmpico nacido en Armstrong en 1919, y que en 1948 gan\u00f3 la marat\u00f3n ol\u00edmpica en Londres y se convirti\u00f3 en <a href=\"https:\/\/armstrongyregion.com.ar\/diario\/se-presento-en-armstrong-delfo-huelas-de-un-pueblo\/\" title=\"Read more\" >&#8230;<\/a><\/p>\n","protected":false},"author":1,"featured_media":22620,"comment_status":"open","ping_status":"open","sticky":false,"template":"","format":"standard","meta":{"_jetpack_memberships_contains_paid_content":false,"footnotes":"","jetpack_publicize_message":"","jetpack_publicize_feature_enabled":true,"jetpack_social_post_already_shared":false,"jetpack_social_options":{"image_generator_settings":{"template":"highway","default_image_id":0,"enabled":false},"version":2}},"categories":[6,8,1,2,7,3],"tags":[8217,8216],"class_list":["post-22619","post","type-post","status-publish","format-standard","has-post-thumbnail","hentry","category-cultura-entretenimiento","category-deliberando","category-diario-armstrong","category-locales","category-politica","category-region","tag-huelas-de-un-pueblo","tag-se-presento-en-armstrong-delfo"],"jetpack_publicize_connections":[],"jetpack_featured_media_url":"https:\/\/armstrongyregion.com.ar\/diario\/wp-content\/uploads\/2019\/08\/delfo-1-.jpg","jetpack_shortlink":"https:\/\/wp.me\/p62QDO-5SP","jetpack_sharing_enabled":true,"amp_enabled":true,"_links":{"self":[{"href":"https:\/\/armstrongyregion.com.ar\/diario\/wp-json\/wp\/v2\/posts\/22619","targetHints":{"allow":["GET"]}}],"collection":[{"href":"https:\/\/armstrongyregion.com.ar\/diario\/wp-json\/wp\/v2\/posts"}],"about":[{"href":"https:\/\/armstrongyregion.com.ar\/diario\/wp-json\/wp\/v2\/types\/post"}],"author":[{"embeddable":true,"href":"https:\/\/armstrongyregion.com.ar\/diario\/wp-json\/wp\/v2\/users\/1"}],"replies":[{"embeddable":true,"href":"https:\/\/armstrongyregion.com.ar\/diario\/wp-json\/wp\/v2\/comments?post=22619"}],"version-history":[{"count":0,"href":"https:\/\/armstrongyregion.com.ar\/diario\/wp-json\/wp\/v2\/posts\/22619\/revisions"}],"wp:featuredmedia":[{"embeddable":true,"href":"https:\/\/armstrongyregion.com.ar\/diario\/wp-json\/wp\/v2\/media\/22620"}],"wp:attachment":[{"href":"https:\/\/armstrongyregion.com.ar\/diario\/wp-json\/wp\/v2\/media?parent=22619"}],"wp:term":[{"taxonomy":"category","embeddable":true,"href":"https:\/\/armstrongyregion.com.ar\/diario\/wp-json\/wp\/v2\/categories?post=22619"},{"taxonomy":"post_tag","embeddable":true,"href":"https:\/\/armstrongyregion.com.ar\/diario\/wp-json\/wp\/v2\/tags?post=22619"}],"curies":[{"name":"wp","href":"https:\/\/api.w.org\/{rel}","templated":true}]}}