{"id":22578,"date":"2019-08-08T15:10:16","date_gmt":"2019-08-08T15:10:16","guid":{"rendered":"https:\/\/armstrongyregion.com.ar\/diario\/?p=22578"},"modified":"2019-08-08T15:10:16","modified_gmt":"2019-08-08T15:10:16","slug":"la-vida-del-atleta-delfo-cabrera-se-vera-en-armstrong","status":"publish","type":"post","link":"https:\/\/armstrongyregion.com.ar\/diario\/la-vida-del-atleta-delfo-cabrera-se-vera-en-armstrong\/","title":{"rendered":"La vida del atleta Delfo Cabrera se ver\u00e1 en Armstrong."},"content":{"rendered":"<p><a href=\"http:\/\/armstrongyregion.com.ar\/diario\/wp-content\/uploads\/2019\/08\/Delfo-Cabreara.jpg\"><img loading=\"lazy\" decoding=\"async\" class=\"alignnone size-full wp-image-22579\" src=\"http:\/\/armstrongyregion.com.ar\/diario\/wp-content\/uploads\/2019\/08\/Delfo-Cabreara.jpg\" alt=\"Delfo-Cabreara\" width=\"768\" height=\"432\" srcset=\"https:\/\/armstrongyregion.com.ar\/diario\/wp-content\/uploads\/2019\/08\/Delfo-Cabreara.jpg 768w, https:\/\/armstrongyregion.com.ar\/diario\/wp-content\/uploads\/2019\/08\/Delfo-Cabreara-300x169.jpg 300w\" sizes=\"auto, (max-width: 768px) 100vw, 768px\" \/><\/a>En 1948, el m\u00edstico deportista gan\u00f3 la marat\u00f3n ol\u00edmpica de Londres. Un proyecto transmedia se expondr\u00e1 el s\u00e1bado en donde naci\u00f3.<\/p>\n<p align=\"justify\">\u00abDelfo, huellas de un pueblo\u00bb es el nombre del proyecto transmedia que cuenta la historia de vida de Delfo Cabrera, el atleta ol\u00edmpico nacido en esa localidad en 1919, que en 1948 gan\u00f3 la marat\u00f3n ol\u00edmpica en Londres y se convirti\u00f3 en un \u00edcono del deporte nacional. El proyecto, que se presentar\u00e1 el s\u00e1bado, a las 18.30, en la sala Iris Marga (Fischer 850) de Armstrong, gan\u00f3 la convocatoria 2018 Est\u00edmulo a las Industrias Culturales del programa Espacio Santafesino en la categor\u00eda Transmedia. El jurado, que decidi\u00f3 otorgar el est\u00edmulo, lo valor\u00f3 por entender que se trata de una \u00abpropuesta que trabaja el rescate hist\u00f3rico y social de un pueblo, a trav\u00e9s de un personaje santafesino, haciendo muy buen uso de las nuevas narrativas\u00bb.<\/p>\n<p align=\"justify\">El equipo de trabajo que lleva adelante el proyecto est\u00e1 integrado por j\u00f3venes armstronenses, con diversos perfiles como Luc\u00eda Cuffia, Carla Airasca, Fernanda Olagaray, Mart\u00edn Casse y Mart\u00edn Urquilla, quienes est\u00e1n convencidos de la importancia de recuperar una historia que con sus huellas, aun hoy, puede resultar motivadora.<\/p>\n<p align=\"justify\">El universo narrativo transmedia comprende una serie web documental de cinco cap\u00edtulos, propuestas l\u00fadico-pedag\u00f3gicas, micros para radios, postales, mapa interactivo y acciones en territorio. El sitio web para interactuar con las distintas piezas es www.delfocabrera.com. As\u00ed, el proyecto busca ampliar el abanico de propuestas disponibles para acercarse a la historia de Delfo, persiguiendo un mayor alcance intergeneracional.<\/p>\n<p align=\"justify\">\u00abBuscamos acercar la historia de Delfo a todas las generaciones, especialmente a los j\u00f3venes. Por ejemplo, en marzo, organizamos la \u00abCopa Delfo\u00bb, una competencia de freestyle, de la mano del grupo de j\u00f3venes de Armstrong que se juntan los fines de semana a rapear e improvisar en las plazas. As\u00ed, entre pistas y rimas, evocaron el esp\u00edritu de Delfo Cabrera, que tiene mucho de coraje, voluntad y tenacidad\u00bb, contaron los organizadores. Este tipo de resonancias y cruces son los que persigue este proyecto, que encuentra coincidencias entre el esp\u00edritu freestyler y el de un atleta, como Delfo.<\/p>\n<p align=\"justify\">Otra de las acciones que llevaron adelante fue la jornada especial por los 100 a\u00f1os de Delfo. Y es que el 2 de abril de 2019, el atleta armstronense hubiera cumplido 100 a\u00f1os. Con la presencia de familiares de Delfo, autoridades locales y provinciales, representantes de instituciones y un gran marco de p\u00fablico, la Plaza Flotron de Armstrong se llen\u00f3 de historia, juegos y festejos. Entre las actividades, se montaron cinco dispositivos para ingresar a la historia de Delfo a trav\u00e9s de propuestas l\u00fadico-pedag\u00f3gicas, y se present\u00f3 el tema musical que dos j\u00f3venes de la ciudad compusieron inspirados en Delfo.<\/p>\n<p align=\"justify\">Desde un principio, el equipo asumi\u00f3 el desaf\u00edo de buscar y recuperar material de archivo. Revistas, fotos, diapositivas, art\u00edculos period\u00edsticos y tambi\u00e9n entrevistas en video a personas cercanas a Delfo, son parte del archivo que fueron recuperando y que, junto con las piezas nuevas que fueron produciendo, piensan poner a disposici\u00f3n de todo el p\u00fablico.<\/p>\n<p align=\"justify\">Una de las figuritas dif\u00edciles, hasta el momento, es el registro de la voz de Delfo. \u00abA\u00fan no logramos conseguir alguna grabaci\u00f3n que nos permita escuchar su voz. Ojal\u00e1 toda esta movida nos ayude a conseguir algo y as\u00ed poder compartirlo\u00bb, se\u00f1alaron.<\/p>\n<p align=\"justify\">Adem\u00e1s del est\u00edmulo de Espacio Santafesino, el proyecto fue declarado de Inter\u00e9s por el Concejo de Armstrong y en julio de este a\u00f1o qued\u00f3 seleccionado para recibir una beca del Fondo Nacional de las Artes, lo que significa un gran impulso y apoyo al trabajo realizado.<\/p>\n<div class=\"news-header-author-avatar\"><a title=\"Luis Emilio Blanco\" href=\"https:\/\/www.lacapital.com.ar\/luis-emilio-blanco-p259.html\"><img loading=\"lazy\" decoding=\"async\" class=\"img-circle img-responsive\" title=\"Luis Emilio Blanco\" src=\"https:\/\/media.lacapital.com.ar\/adjuntos\/203\/autores\/021\/816\/0021816210.jpg\" alt=\"Luis Emilio Blanco\" width=\"90\" height=\"90\" \/><\/a><\/div>\n<div class=\"news-header-author-info\">\n<div class=\"news-header-author-name\">Por\u00a0<a href=\"https:\/\/www.lacapital.com.ar\/luis-emilio-blanco-p259.html\" target=\"\">Luis Emilio Blanco<\/a><\/div>\n<\/div>\n","protected":false},"excerpt":{"rendered":"<p>En 1948, el m\u00edstico deportista gan\u00f3 la marat\u00f3n ol\u00edmpica de Londres. Un proyecto transmedia se expondr\u00e1 el s\u00e1bado en donde naci\u00f3. \u00abDelfo, huellas de un pueblo\u00bb es el nombre del proyecto transmedia que cuenta la historia de vida de Delfo Cabrera, el atleta ol\u00edmpico nacido en esa localidad en 1919, que en 1948 gan\u00f3 la <a href=\"https:\/\/armstrongyregion.com.ar\/diario\/la-vida-del-atleta-delfo-cabrera-se-vera-en-armstrong\/\" title=\"Read more\" >&#8230;<\/a><\/p>\n","protected":false},"author":1,"featured_media":22579,"comment_status":"open","ping_status":"open","sticky":false,"template":"","format":"standard","meta":{"_jetpack_memberships_contains_paid_content":false,"footnotes":"","jetpack_publicize_message":"","jetpack_publicize_feature_enabled":true,"jetpack_social_post_already_shared":false,"jetpack_social_options":{"image_generator_settings":{"template":"highway","default_image_id":0,"enabled":false},"version":2}},"categories":[8,1,2,3],"tags":[8203],"class_list":["post-22578","post","type-post","status-publish","format-standard","has-post-thumbnail","hentry","category-deliberando","category-diario-armstrong","category-locales","category-region","tag-la-vida-del-atleta-delfo-cabrera-se-vera-en-armstrong"],"jetpack_publicize_connections":[],"jetpack_featured_media_url":"https:\/\/armstrongyregion.com.ar\/diario\/wp-content\/uploads\/2019\/08\/Delfo-Cabreara.jpg","jetpack_shortlink":"https:\/\/wp.me\/p62QDO-5Sa","jetpack_sharing_enabled":true,"amp_enabled":true,"_links":{"self":[{"href":"https:\/\/armstrongyregion.com.ar\/diario\/wp-json\/wp\/v2\/posts\/22578","targetHints":{"allow":["GET"]}}],"collection":[{"href":"https:\/\/armstrongyregion.com.ar\/diario\/wp-json\/wp\/v2\/posts"}],"about":[{"href":"https:\/\/armstrongyregion.com.ar\/diario\/wp-json\/wp\/v2\/types\/post"}],"author":[{"embeddable":true,"href":"https:\/\/armstrongyregion.com.ar\/diario\/wp-json\/wp\/v2\/users\/1"}],"replies":[{"embeddable":true,"href":"https:\/\/armstrongyregion.com.ar\/diario\/wp-json\/wp\/v2\/comments?post=22578"}],"version-history":[{"count":0,"href":"https:\/\/armstrongyregion.com.ar\/diario\/wp-json\/wp\/v2\/posts\/22578\/revisions"}],"wp:featuredmedia":[{"embeddable":true,"href":"https:\/\/armstrongyregion.com.ar\/diario\/wp-json\/wp\/v2\/media\/22579"}],"wp:attachment":[{"href":"https:\/\/armstrongyregion.com.ar\/diario\/wp-json\/wp\/v2\/media?parent=22578"}],"wp:term":[{"taxonomy":"category","embeddable":true,"href":"https:\/\/armstrongyregion.com.ar\/diario\/wp-json\/wp\/v2\/categories?post=22578"},{"taxonomy":"post_tag","embeddable":true,"href":"https:\/\/armstrongyregion.com.ar\/diario\/wp-json\/wp\/v2\/tags?post=22578"}],"curies":[{"name":"wp","href":"https:\/\/api.w.org\/{rel}","templated":true}]}}